{"id":14781,"date":"2026-04-30T13:18:45","date_gmt":"2026-04-30T19:18:45","guid":{"rendered":"https:\/\/cedhchiapas.org\/cedh\/?p=14781"},"modified":"2026-04-30T13:21:23","modified_gmt":"2026-04-30T19:21:23","slug":"%f0%9f%93%8del-presidente-de-la-comision-estatal-de-los-derechos-humanos-mtro-horacio-culebro-borrayas-fue-entrevistado-por-el-director-general-del-diario-ultimatum-amet-samayoa-arce","status":"publish","type":"post","link":"https:\/\/cedhchiapas.org\/cedh\/%f0%9f%93%8del-presidente-de-la-comision-estatal-de-los-derechos-humanos-mtro-horacio-culebro-borrayas-fue-entrevistado-por-el-director-general-del-diario-ultimatum-amet-samayoa-arce\/","title":{"rendered":"\ud83d\udccdEl Presidente de la Comisi\u00f3n Estatal de los Derechos Humanos, Mtro. Horacio Culebro Borrayas fue entrevistado por el Director General del Diario Ultim\u00e1tum, Amet Samayoa Arce&#8230;"},"content":{"rendered":"\t\t<div data-elementor-type=\"wp-post\" data-elementor-id=\"14781\" class=\"elementor elementor-14781\">\n\t\t\t\t\t\t\t\t\t<section class=\"elementor-section elementor-top-section elementor-element elementor-element-3b7fcedf elementor-section-boxed elementor-section-height-default elementor-section-height-default wpr-particle-no wpr-sticky-section-no\" data-id=\"3b7fcedf\" data-element_type=\"section\">\n\t\t\t\t\t\t<div class=\"elementor-container elementor-column-gap-default\">\n\t\t\t\t\t<div class=\"elementor-column elementor-col-16 elementor-top-column elementor-element elementor-element-1c3b7afe\" data-id=\"1c3b7afe\" data-element_type=\"column\">\n\t\t\t<div class=\"elementor-widget-wrap\">\n\t\t\t\t\t\t\t\t\t<\/div>\n\t\t<\/div>\n\t\t\t\t<div class=\"elementor-column elementor-col-66 elementor-top-column elementor-element elementor-element-687fec8d\" data-id=\"687fec8d\" data-element_type=\"column\">\n\t\t\t<div class=\"elementor-widget-wrap elementor-element-populated\">\n\t\t\t\t\t\t\t\t<div class=\"elementor-element elementor-element-77528e6f elementor-widget elementor-widget-spacer\" data-id=\"77528e6f\" data-element_type=\"widget\" data-widget_type=\"spacer.default\">\n\t\t\t\t<div class=\"elementor-widget-container\">\n\t\t\t\t\t<div class=\"elementor-spacer\">\n\t\t\t<div class=\"elementor-spacer-inner\"><\/div>\n\t\t<\/div>\n\t\t\t\t<\/div>\n\t\t\t\t<\/div>\n\t\t\t\t<div class=\"elementor-element elementor-element-18fdc5c5 elementor-widget elementor-widget-text-editor\" data-id=\"18fdc5c5\" data-element_type=\"widget\" data-widget_type=\"text-editor.default\">\n\t\t\t\t<div class=\"elementor-widget-container\">\n\t\t\t\t\t\t\t<h5>El Presidente de la Comisi\u00f3n Estatal de los Derechos Humanos, Mtro. Horacio Culebro Borrayas fue entrevistado por el Director General del Diario Ultim\u00e1tum, Amet Samayoa Arce, acerca de varios temas relacionados con el trabajo que a diario realiza el organismo.<\/h5>\n<h5>Al recordar los a\u00f1os que tienen de conocerse, el periodista manifest\u00f3 su reconocimiento a la labor que, el titular de la CEDH est\u00e1 realizando al frente de esta instituci\u00f3n, desde que asumi\u00f3 el cargo. De igual forma, la m\u00e1xima autoridad de esta entidad encargada de la protecci\u00f3n de derechos humanos, Mtro. Horacio Culebro Borrayas, agradeci\u00f3 el espacio que Ultim\u00e1tum proporciona para la difusi\u00f3n de la conciencia de los derechos humanos.<\/h5>\n<h5>#CEDHChiapas #DDHH #DerechosHumanos @seguidores @fandestacado #destacar<\/h5>\t\t\t\t\t\t<\/div>\n\t\t\t\t<\/div>\n\t\t\t\t<div class=\"elementor-element elementor-element-48b73b39 elementor-arrows-position-inside elementor-widget elementor-widget-image-carousel\" data-id=\"48b73b39\" data-element_type=\"widget\" data-settings=\"{&quot;slides_to_show&quot;:&quot;1&quot;,&quot;navigation&quot;:&quot;arrows&quot;,&quot;autoplay&quot;:&quot;yes&quot;,&quot;pause_on_hover&quot;:&quot;yes&quot;,&quot;pause_on_interaction&quot;:&quot;yes&quot;,&quot;autoplay_speed&quot;:5000,&quot;infinite&quot;:&quot;yes&quot;,&quot;effect&quot;:&quot;slide&quot;,&quot;speed&quot;:500}\" data-widget_type=\"image-carousel.default\">\n\t\t\t\t<div class=\"elementor-widget-container\">\n\t\t\t\t\t<div class=\"elementor-image-carousel-wrapper swiper-container\" dir=\"ltr\">\n\t\t\t<div class=\"elementor-image-carousel swiper-wrapper\" aria-live=\"off\">\n\t\t\t\t\t\t\t\t<div class=\"swiper-slide\" role=\"group\" aria-roledescription=\"slide\" aria-label=\"1 de 2\"><figure class=\"swiper-slide-inner\"><img decoding=\"async\" class=\"swiper-slide-image\" src=\"https:\/\/cedhchiapas.org\/cedh\/wp-content\/uploads\/2026\/04\/682998752_1417423380421098_4066584879549429934_n.jpg\" alt=\"682998752_1417423380421098_4066584879549429934_n\" \/><\/figure><\/div><div class=\"swiper-slide\" role=\"group\" aria-roledescription=\"slide\" aria-label=\"2 de 2\"><figure class=\"swiper-slide-inner\"><img decoding=\"async\" class=\"swiper-slide-image\" src=\"https:\/\/cedhchiapas.org\/cedh\/wp-content\/uploads\/2026\/04\/684165035_1417423373754432_502848058628404934_n.jpg\" alt=\"684165035_1417423373754432_502848058628404934_n\" \/><\/figure><\/div>\t\t\t<\/div>\n\t\t\t\t\t\t\t\t\t\t\t\t<div class=\"elementor-swiper-button elementor-swiper-button-prev\" role=\"button\" tabindex=\"0\">\n\t\t\t\t\t\t<i aria-hidden=\"true\" class=\"eicon-chevron-left\"><\/i>\t\t\t\t\t<\/div>\n\t\t\t\t\t<div class=\"elementor-swiper-button elementor-swiper-button-next\" role=\"button\" tabindex=\"0\">\n\t\t\t\t\t\t<i aria-hidden=\"true\" class=\"eicon-chevron-right\"><\/i>\t\t\t\t\t<\/div>\n\t\t\t\t\n\t\t\t\t\t\t\t\t\t<\/div>\n\t\t\t\t<\/div>\n\t\t\t\t<\/div>\n\t\t\t\t\t<\/div>\n\t\t<\/div>\n\t\t\t\t<div class=\"elementor-column elementor-col-16 elementor-top-column elementor-element elementor-element-2a2a9b8\" data-id=\"2a2a9b8\" data-element_type=\"column\">\n\t\t\t<div class=\"elementor-widget-wrap\">\n\t\t\t\t\t\t\t\t\t<\/div>\n\t\t<\/div>\n\t\t\t\t\t\t\t<\/div>\n\t\t<\/section>\n\t\t\t\t\t\t\t<\/div>\n\t\t","protected":false},"excerpt":{"rendered":"<p>El Presidente de la Comisi\u00f3n Estatal de los Derechos Humanos, Mtro. Horacio Culebro Borrayas fue entrevistado por el Director General del Diario Ultim\u00e1tum, Amet Samayoa Arce, acerca de varios temas<\/p>\n","protected":false},"author":6,"featured_media":14786,"comment_status":"closed","ping_status":"open","sticky":false,"template":"","format":"standard","meta":{"_jetpack_memberships_contains_paid_content":false,"footnotes":""},"categories":[1,87],"tags":[],"jetpack_sharing_enabled":true,"jetpack_featured_media_url":"https:\/\/cedhchiapas.org\/cedh\/wp-content\/uploads\/2026\/04\/684165035_1417423373754432_502848058628404934_n-1.jpg","_links":{"self":[{"href":"https:\/\/cedhchiapas.org\/cedh\/wp-json\/wp\/v2\/posts\/14781"}],"collection":[{"href":"https:\/\/cedhchiapas.org\/cedh\/wp-json\/wp\/v2\/posts"}],"about":[{"href":"https:\/\/cedhchiapas.org\/cedh\/wp-json\/wp\/v2\/types\/post"}],"author":[{"embeddable":true,"href":"https:\/\/cedhchiapas.org\/cedh\/wp-json\/wp\/v2\/users\/6"}],"replies":[{"embeddable":true,"href":"https:\/\/cedhchiapas.org\/cedh\/wp-json\/wp\/v2\/comments?post=14781"}],"version-history":[{"count":10,"href":"https:\/\/cedhchiapas.org\/cedh\/wp-json\/wp\/v2\/posts\/14781\/revisions"}],"predecessor-version":[{"id":14795,"href":"https:\/\/cedhchiapas.org\/cedh\/wp-json\/wp\/v2\/posts\/14781\/revisions\/14795"}],"wp:featuredmedia":[{"embeddable":true,"href":"https:\/\/cedhchiapas.org\/cedh\/wp-json\/wp\/v2\/media\/14786"}],"wp:attachment":[{"href":"https:\/\/cedhchiapas.org\/cedh\/wp-json\/wp\/v2\/media?parent=14781"}],"wp:term":[{"taxonomy":"category","embeddable":true,"href":"https:\/\/cedhchiapas.org\/cedh\/wp-json\/wp\/v2\/categories?post=14781"},{"taxonomy":"post_tag","embeddable":true,"href":"https:\/\/cedhchiapas.org\/cedh\/wp-json\/wp\/v2\/tags?post=14781"}],"curies":[{"name":"wp","href":"https:\/\/api.w.org\/{rel}","templated":true}]}}