{"id":14748,"date":"2026-04-27T13:46:59","date_gmt":"2026-04-27T19:46:59","guid":{"rendered":"https:\/\/cedhchiapas.org\/cedh\/?p=14748"},"modified":"2026-04-27T13:48:15","modified_gmt":"2026-04-27T19:48:15","slug":"%f0%9f%93%8dla-comision-estatal-de-los-derechos-humamos-encabezada-por-el-mtro-horacio-culebro-borryas-a-traves-de-de-la-visitadoria-general-especializada-en-atencion-de-asuntos-indigenas","status":"publish","type":"post","link":"https:\/\/cedhchiapas.org\/cedh\/%f0%9f%93%8dla-comision-estatal-de-los-derechos-humamos-encabezada-por-el-mtro-horacio-culebro-borryas-a-traves-de-de-la-visitadoria-general-especializada-en-atencion-de-asuntos-indigenas\/","title":{"rendered":"\ud83d\udccdLa Comisi\u00f3n Estatal de los Derechos Humamos, encabezada por el Mtro. Horacio Culebro Borryas, a trav\u00e9s de de la Visitadoria General Especializada en Atenci\u00f3n de Asuntos Ind\u00edgenas"},"content":{"rendered":"\t\t<div data-elementor-type=\"wp-post\" data-elementor-id=\"14748\" class=\"elementor elementor-14748\">\n\t\t\t\t\t\t\t\t\t<section class=\"elementor-section elementor-top-section elementor-element elementor-element-587df35b elementor-section-boxed elementor-section-height-default elementor-section-height-default wpr-particle-no wpr-sticky-section-no\" data-id=\"587df35b\" data-element_type=\"section\">\n\t\t\t\t\t\t<div class=\"elementor-container elementor-column-gap-default\">\n\t\t\t\t\t<div class=\"elementor-column elementor-col-16 elementor-top-column elementor-element elementor-element-5aed9855\" data-id=\"5aed9855\" data-element_type=\"column\">\n\t\t\t<div class=\"elementor-widget-wrap\">\n\t\t\t\t\t\t\t\t\t<\/div>\n\t\t<\/div>\n\t\t\t\t<div class=\"elementor-column elementor-col-66 elementor-top-column elementor-element elementor-element-6144ab9d\" data-id=\"6144ab9d\" data-element_type=\"column\">\n\t\t\t<div class=\"elementor-widget-wrap elementor-element-populated\">\n\t\t\t\t\t\t\t\t<div class=\"elementor-element elementor-element-59f455d5 elementor-widget elementor-widget-spacer\" data-id=\"59f455d5\" data-element_type=\"widget\" data-widget_type=\"spacer.default\">\n\t\t\t\t<div class=\"elementor-widget-container\">\n\t\t\t\t\t<div class=\"elementor-spacer\">\n\t\t\t<div class=\"elementor-spacer-inner\"><\/div>\n\t\t<\/div>\n\t\t\t\t<\/div>\n\t\t\t\t<\/div>\n\t\t\t\t<div class=\"elementor-element elementor-element-92c75ce elementor-widget elementor-widget-text-editor\" data-id=\"92c75ce\" data-element_type=\"widget\" data-widget_type=\"text-editor.default\">\n\t\t\t\t<div class=\"elementor-widget-container\">\n\t\t\t\t\t\t\t<h5>\ud83d\udccdLa Comisi\u00f3n Estatal de los Derechos Humamos, encabezada por el Mtro. Horacio Culebro Borryas, a trav\u00e9s de de la Visitadoria General Especializada en Atenci\u00f3n de Asuntos Ind\u00edgenas, acudi\u00f3 a la celebraci\u00f3n de los 23 a\u00f1os de \u201cLibertad de Culto P\u00fablico\u201d, efectuada en el municipio de Chenalh\u00f3, a invitaci\u00f3n de la Sociedad Evang\u00e9lica de ese lugar. <br \/>Con estas acciones, la CEDH reafirma su compromiso de mantener la cercan\u00eda con los distintos sectores de la sociedad, siempre vigilante de que se cumpla el respeto a los derechos humanos de todas y todos.<\/h5><h5><br \/>#DDHH #DerechosHumanos #CEDHChiapas #CEDH #sancristobal<\/h5>\t\t\t\t\t\t<\/div>\n\t\t\t\t<\/div>\n\t\t\t\t<div class=\"elementor-element elementor-element-1e45f507 elementor-arrows-position-inside elementor-widget elementor-widget-image-carousel\" data-id=\"1e45f507\" data-element_type=\"widget\" data-settings=\"{&quot;slides_to_show&quot;:&quot;1&quot;,&quot;navigation&quot;:&quot;arrows&quot;,&quot;autoplay&quot;:&quot;yes&quot;,&quot;pause_on_hover&quot;:&quot;yes&quot;,&quot;pause_on_interaction&quot;:&quot;yes&quot;,&quot;autoplay_speed&quot;:5000,&quot;infinite&quot;:&quot;yes&quot;,&quot;effect&quot;:&quot;slide&quot;,&quot;speed&quot;:500}\" data-widget_type=\"image-carousel.default\">\n\t\t\t\t<div class=\"elementor-widget-container\">\n\t\t\t\t\t<div class=\"elementor-image-carousel-wrapper swiper-container\" dir=\"ltr\">\n\t\t\t<div class=\"elementor-image-carousel swiper-wrapper\" aria-live=\"off\">\n\t\t\t\t\t\t\t\t<div class=\"swiper-slide\" role=\"group\" aria-roledescription=\"slide\" aria-label=\"1 de 2\"><figure class=\"swiper-slide-inner\"><img decoding=\"async\" class=\"swiper-slide-image\" src=\"https:\/\/cedhchiapas.org\/cedh\/wp-content\/uploads\/2026\/04\/WhatsApp-Image-2026-04-25-at-7.54.32-AM.jpeg\" alt=\"WhatsApp Image 2026-04-25 at 7.54.32 AM\" \/><\/figure><\/div><div class=\"swiper-slide\" role=\"group\" aria-roledescription=\"slide\" aria-label=\"2 de 2\"><figure class=\"swiper-slide-inner\"><img decoding=\"async\" class=\"swiper-slide-image\" src=\"https:\/\/cedhchiapas.org\/cedh\/wp-content\/uploads\/2026\/04\/WhatsApp-Image-2026-04-25-at-7.54.33-AM.jpeg\" alt=\"WhatsApp Image 2026-04-25 at 7.54.33 AM\" \/><\/figure><\/div>\t\t\t<\/div>\n\t\t\t\t\t\t\t\t\t\t\t\t<div class=\"elementor-swiper-button elementor-swiper-button-prev\" role=\"button\" tabindex=\"0\">\n\t\t\t\t\t\t<i aria-hidden=\"true\" class=\"eicon-chevron-left\"><\/i>\t\t\t\t\t<\/div>\n\t\t\t\t\t<div class=\"elementor-swiper-button elementor-swiper-button-next\" role=\"button\" tabindex=\"0\">\n\t\t\t\t\t\t<i aria-hidden=\"true\" class=\"eicon-chevron-right\"><\/i>\t\t\t\t\t<\/div>\n\t\t\t\t\n\t\t\t\t\t\t\t\t\t<\/div>\n\t\t\t\t<\/div>\n\t\t\t\t<\/div>\n\t\t\t\t\t<\/div>\n\t\t<\/div>\n\t\t\t\t<div class=\"elementor-column elementor-col-16 elementor-top-column elementor-element elementor-element-20811456\" data-id=\"20811456\" data-element_type=\"column\">\n\t\t\t<div class=\"elementor-widget-wrap\">\n\t\t\t\t\t\t\t\t\t<\/div>\n\t\t<\/div>\n\t\t\t\t\t\t\t<\/div>\n\t\t<\/section>\n\t\t\t\t\t\t\t<\/div>\n\t\t","protected":false},"excerpt":{"rendered":"<p>\ud83d\udccdLa Comisi\u00f3n Estatal de los Derechos Humamos, encabezada por el Mtro. Horacio Culebro Borryas, a trav\u00e9s de de la Visitadoria General Especializada en Atenci\u00f3n de Asuntos Ind\u00edgenas, acudi\u00f3 a la<\/p>\n","protected":false},"author":6,"featured_media":14751,"comment_status":"closed","ping_status":"open","sticky":false,"template":"","format":"standard","meta":{"_jetpack_memberships_contains_paid_content":false,"footnotes":""},"categories":[1,87],"tags":[],"jetpack_sharing_enabled":true,"jetpack_featured_media_url":"https:\/\/cedhchiapas.org\/cedh\/wp-content\/uploads\/2026\/04\/WhatsApp-Image-2026-04-25-at-7.54.33-AM.jpeg","_links":{"self":[{"href":"https:\/\/cedhchiapas.org\/cedh\/wp-json\/wp\/v2\/posts\/14748"}],"collection":[{"href":"https:\/\/cedhchiapas.org\/cedh\/wp-json\/wp\/v2\/posts"}],"about":[{"href":"https:\/\/cedhchiapas.org\/cedh\/wp-json\/wp\/v2\/types\/post"}],"author":[{"embeddable":true,"href":"https:\/\/cedhchiapas.org\/cedh\/wp-json\/wp\/v2\/users\/6"}],"replies":[{"embeddable":true,"href":"https:\/\/cedhchiapas.org\/cedh\/wp-json\/wp\/v2\/comments?post=14748"}],"version-history":[{"count":4,"href":"https:\/\/cedhchiapas.org\/cedh\/wp-json\/wp\/v2\/posts\/14748\/revisions"}],"predecessor-version":[{"id":14754,"href":"https:\/\/cedhchiapas.org\/cedh\/wp-json\/wp\/v2\/posts\/14748\/revisions\/14754"}],"wp:featuredmedia":[{"embeddable":true,"href":"https:\/\/cedhchiapas.org\/cedh\/wp-json\/wp\/v2\/media\/14751"}],"wp:attachment":[{"href":"https:\/\/cedhchiapas.org\/cedh\/wp-json\/wp\/v2\/media?parent=14748"}],"wp:term":[{"taxonomy":"category","embeddable":true,"href":"https:\/\/cedhchiapas.org\/cedh\/wp-json\/wp\/v2\/categories?post=14748"},{"taxonomy":"post_tag","embeddable":true,"href":"https:\/\/cedhchiapas.org\/cedh\/wp-json\/wp\/v2\/tags?post=14748"}],"curies":[{"name":"wp","href":"https:\/\/api.w.org\/{rel}","templated":true}]}}