{"id":14742,"date":"2026-04-27T11:25:34","date_gmt":"2026-04-27T17:25:34","guid":{"rendered":"https:\/\/cedhchiapas.org\/cedh\/?p=14742"},"modified":"2026-04-27T11:26:33","modified_gmt":"2026-04-27T17:26:33","slug":"la-comision-estatal-de-los-derechos-humanos-de-chiapas-cedh-a-traves-de-la-visitaduria-general-especializada-en-atencion-de-asuntos-de-migrantes-acudio-a-la-invitacion-realizada-por-la-direccion-d","status":"publish","type":"post","link":"https:\/\/cedhchiapas.org\/cedh\/la-comision-estatal-de-los-derechos-humanos-de-chiapas-cedh-a-traves-de-la-visitaduria-general-especializada-en-atencion-de-asuntos-de-migrantes-acudio-a-la-invitacion-realizada-por-la-direccion-d\/","title":{"rendered":"La Comisi\u00f3n Estatal de los Derechos Humanos de Chiapas (CEDH), a trav\u00e9s de la Visitadur\u00eda General Especializada en Atenci\u00f3n de Asuntos de Migrantes, acudi\u00f3 a la invitaci\u00f3n realizada por la Direcci\u00f3n de Asuntos Agrarios"},"content":{"rendered":"\t\t<div data-elementor-type=\"wp-post\" data-elementor-id=\"14742\" class=\"elementor elementor-14742\">\n\t\t\t\t\t\t\t\t\t<section class=\"elementor-section elementor-top-section elementor-element elementor-element-23b607e1 elementor-section-boxed elementor-section-height-default elementor-section-height-default wpr-particle-no wpr-sticky-section-no\" data-id=\"23b607e1\" data-element_type=\"section\">\n\t\t\t\t\t\t<div class=\"elementor-container elementor-column-gap-default\">\n\t\t\t\t\t<div class=\"elementor-column elementor-col-16 elementor-top-column elementor-element elementor-element-3960ea34\" data-id=\"3960ea34\" data-element_type=\"column\">\n\t\t\t<div class=\"elementor-widget-wrap\">\n\t\t\t\t\t\t\t\t\t<\/div>\n\t\t<\/div>\n\t\t\t\t<div class=\"elementor-column elementor-col-66 elementor-top-column elementor-element elementor-element-772dead8\" data-id=\"772dead8\" data-element_type=\"column\">\n\t\t\t<div class=\"elementor-widget-wrap elementor-element-populated\">\n\t\t\t\t\t\t\t\t<div class=\"elementor-element elementor-element-421c363b elementor-widget elementor-widget-spacer\" data-id=\"421c363b\" data-element_type=\"widget\" data-widget_type=\"spacer.default\">\n\t\t\t\t<div class=\"elementor-widget-container\">\n\t\t\t\t\t<div class=\"elementor-spacer\">\n\t\t\t<div class=\"elementor-spacer-inner\"><\/div>\n\t\t<\/div>\n\t\t\t\t<\/div>\n\t\t\t\t<\/div>\n\t\t\t\t<div class=\"elementor-element elementor-element-3ead4883 elementor-widget elementor-widget-text-editor\" data-id=\"3ead4883\" data-element_type=\"widget\" data-widget_type=\"text-editor.default\">\n\t\t\t\t<div class=\"elementor-widget-container\">\n\t\t\t\t\t\t\t<h5>La Comisi\u00f3n Estatal de los Derechos Humanos de Chiapas (CEDH), a trav\u00e9s de la Visitadur\u00eda General Especializada en Atenci\u00f3n de Asuntos de Migrantes, acudi\u00f3 a la invitaci\u00f3n realizada por la Direcci\u00f3n de Asuntos Agrarios, para participar como observadores en una reuni\u00f3n llevada a cabo en la Delegaci\u00f3n de Gobierno de Huixtla, Chiapas.<\/h5><h5>\u00a0 <br \/>En este encuentro participaron autoridades municipales de Huixtla, Mapastepec, Pijijiapan y Tonal\u00e1, as\u00ed como representantes de la Guardia Estatal Preventiva y la Fiscal\u00eda del Ministerio P\u00fablico, con el objetivo de dar seguimiento a temas agrarios relacionados con diversos juicios instaurados en el Tribunal Unitario Agrario Distrito 04, con sede en Tapachula. Como parte de la jornada, se realiz\u00f3 una primera reuni\u00f3n con representantes de la Colonia Agr\u00edcola y Ganadera \u201cLa Permuta\u201d, de Mapastepec, Chiapas.<\/h5><h5><br \/>#CEDHChiapas #VGEAAMI #Tapachula #ConflictoAgrario<\/h5>\t\t\t\t\t\t<\/div>\n\t\t\t\t<\/div>\n\t\t\t\t<div class=\"elementor-element elementor-element-5ca40319 elementor-arrows-position-inside elementor-widget elementor-widget-image-carousel\" data-id=\"5ca40319\" data-element_type=\"widget\" data-settings=\"{&quot;slides_to_show&quot;:&quot;1&quot;,&quot;navigation&quot;:&quot;arrows&quot;,&quot;autoplay&quot;:&quot;yes&quot;,&quot;pause_on_hover&quot;:&quot;yes&quot;,&quot;pause_on_interaction&quot;:&quot;yes&quot;,&quot;autoplay_speed&quot;:5000,&quot;infinite&quot;:&quot;yes&quot;,&quot;effect&quot;:&quot;slide&quot;,&quot;speed&quot;:500}\" data-widget_type=\"image-carousel.default\">\n\t\t\t\t<div class=\"elementor-widget-container\">\n\t\t\t\t\t<div class=\"elementor-image-carousel-wrapper swiper-container\" dir=\"ltr\">\n\t\t\t<div class=\"elementor-image-carousel swiper-wrapper\" aria-live=\"off\">\n\t\t\t\t\t\t\t\t<div class=\"swiper-slide\" role=\"group\" aria-roledescription=\"slide\" aria-label=\"1 de 1\"><figure class=\"swiper-slide-inner\"><img decoding=\"async\" class=\"swiper-slide-image\" src=\"https:\/\/cedhchiapas.org\/cedh\/wp-content\/uploads\/2026\/04\/680626884_1414514114045358_6429388430658701751_n.jpg\" alt=\"680626884_1414514114045358_6429388430658701751_n\" \/><\/figure><\/div>\t\t\t<\/div>\n\t\t\t\t\t<\/div>\n\t\t\t\t<\/div>\n\t\t\t\t<\/div>\n\t\t\t\t\t<\/div>\n\t\t<\/div>\n\t\t\t\t<div class=\"elementor-column elementor-col-16 elementor-top-column elementor-element elementor-element-54b6131a\" data-id=\"54b6131a\" data-element_type=\"column\">\n\t\t\t<div class=\"elementor-widget-wrap\">\n\t\t\t\t\t\t\t\t\t<\/div>\n\t\t<\/div>\n\t\t\t\t\t\t\t<\/div>\n\t\t<\/section>\n\t\t\t\t\t\t\t<\/div>\n\t\t","protected":false},"excerpt":{"rendered":"<p>La Comisi\u00f3n Estatal de los Derechos Humanos de Chiapas (CEDH), a trav\u00e9s de la Visitadur\u00eda General Especializada en Atenci\u00f3n de Asuntos de Migrantes, acudi\u00f3 a la invitaci\u00f3n realizada por la<\/p>\n","protected":false},"author":6,"featured_media":14744,"comment_status":"closed","ping_status":"open","sticky":false,"template":"","format":"standard","meta":{"_jetpack_memberships_contains_paid_content":false,"footnotes":""},"categories":[1,87],"tags":[],"jetpack_sharing_enabled":true,"jetpack_featured_media_url":"https:\/\/cedhchiapas.org\/cedh\/wp-content\/uploads\/2026\/04\/680626884_1414514114045358_6429388430658701751_n.jpg","_links":{"self":[{"href":"https:\/\/cedhchiapas.org\/cedh\/wp-json\/wp\/v2\/posts\/14742"}],"collection":[{"href":"https:\/\/cedhchiapas.org\/cedh\/wp-json\/wp\/v2\/posts"}],"about":[{"href":"https:\/\/cedhchiapas.org\/cedh\/wp-json\/wp\/v2\/types\/post"}],"author":[{"embeddable":true,"href":"https:\/\/cedhchiapas.org\/cedh\/wp-json\/wp\/v2\/users\/6"}],"replies":[{"embeddable":true,"href":"https:\/\/cedhchiapas.org\/cedh\/wp-json\/wp\/v2\/comments?post=14742"}],"version-history":[{"count":4,"href":"https:\/\/cedhchiapas.org\/cedh\/wp-json\/wp\/v2\/posts\/14742\/revisions"}],"predecessor-version":[{"id":14747,"href":"https:\/\/cedhchiapas.org\/cedh\/wp-json\/wp\/v2\/posts\/14742\/revisions\/14747"}],"wp:featuredmedia":[{"embeddable":true,"href":"https:\/\/cedhchiapas.org\/cedh\/wp-json\/wp\/v2\/media\/14744"}],"wp:attachment":[{"href":"https:\/\/cedhchiapas.org\/cedh\/wp-json\/wp\/v2\/media?parent=14742"}],"wp:term":[{"taxonomy":"category","embeddable":true,"href":"https:\/\/cedhchiapas.org\/cedh\/wp-json\/wp\/v2\/categories?post=14742"},{"taxonomy":"post_tag","embeddable":true,"href":"https:\/\/cedhchiapas.org\/cedh\/wp-json\/wp\/v2\/tags?post=14742"}],"curies":[{"name":"wp","href":"https:\/\/api.w.org\/{rel}","templated":true}]}}