{"id":14734,"date":"2026-04-27T11:20:25","date_gmt":"2026-04-27T17:20:25","guid":{"rendered":"https:\/\/cedhchiapas.org\/cedh\/?p=14734"},"modified":"2026-04-27T11:21:56","modified_gmt":"2026-04-27T17:21:56","slug":"la-cedh-chiapas-a-traves-de-la-visitaduria-general-especializada-en-atencion-de-asuntos-de-migrantes","status":"publish","type":"post","link":"https:\/\/cedhchiapas.org\/cedh\/la-cedh-chiapas-a-traves-de-la-visitaduria-general-especializada-en-atencion-de-asuntos-de-migrantes\/","title":{"rendered":"La CEDH Chiapas, a trav\u00e9s de la Visitadur\u00eda General Especializada en Atenci\u00f3n de Asuntos de Migrantes"},"content":{"rendered":"\t\t<div data-elementor-type=\"wp-post\" data-elementor-id=\"14734\" class=\"elementor elementor-14734\">\n\t\t\t\t\t\t\t\t\t<section class=\"elementor-section elementor-top-section elementor-element elementor-element-6a1c9197 elementor-section-boxed elementor-section-height-default elementor-section-height-default wpr-particle-no wpr-sticky-section-no\" data-id=\"6a1c9197\" data-element_type=\"section\">\n\t\t\t\t\t\t<div class=\"elementor-container elementor-column-gap-default\">\n\t\t\t\t\t<div class=\"elementor-column elementor-col-16 elementor-top-column elementor-element elementor-element-acf96e1\" data-id=\"acf96e1\" data-element_type=\"column\">\n\t\t\t<div class=\"elementor-widget-wrap\">\n\t\t\t\t\t\t\t\t\t<\/div>\n\t\t<\/div>\n\t\t\t\t<div class=\"elementor-column elementor-col-66 elementor-top-column elementor-element elementor-element-49c4c4ec\" data-id=\"49c4c4ec\" data-element_type=\"column\">\n\t\t\t<div class=\"elementor-widget-wrap elementor-element-populated\">\n\t\t\t\t\t\t\t\t<div class=\"elementor-element elementor-element-7d39a09f elementor-widget elementor-widget-spacer\" data-id=\"7d39a09f\" data-element_type=\"widget\" data-widget_type=\"spacer.default\">\n\t\t\t\t<div class=\"elementor-widget-container\">\n\t\t\t\t\t<div class=\"elementor-spacer\">\n\t\t\t<div class=\"elementor-spacer-inner\"><\/div>\n\t\t<\/div>\n\t\t\t\t<\/div>\n\t\t\t\t<\/div>\n\t\t\t\t<div class=\"elementor-element elementor-element-76e4c26 elementor-widget elementor-widget-text-editor\" data-id=\"76e4c26\" data-element_type=\"widget\" data-widget_type=\"text-editor.default\">\n\t\t\t\t<div class=\"elementor-widget-container\">\n\t\t\t\t\t\t\t<h5>La CEDH Chiapas, a trav\u00e9s de la Visitadur\u00eda General Especializada en Atenci\u00f3n de Asuntos de Migrantes, asisti\u00f3 a la marcha pac\u00edfica en la ciudad de Tapachula, convocada por familiares de Beany Guadalupe Lozano Garc\u00eda para exigir justicia por los hechos ocurridos el 6 de abril.<br \/>El contingente parti\u00f3 del Parque Miguel Hidalgo hacia la Fiscal\u00eda Fronteriza Zona Costa, desarroll\u00e1ndose en orden y con acompa\u00f1amiento de corporaciones de seguridad y Protecci\u00f3n Civil. Participaron Alrededor de 800 personas, portando playeras, pancartas y lonas con el mensaje \u201cJusticia para Beany\u201d.<br \/>La CEDH Chiapas reitera su compromiso de continuar acompa\u00f1ando y brindando asesor\u00eda a la familia, a fin de contribuir a que se esclarezcan los hechos y se garantice el acceso a la justicia.<br \/>#CEDHChiapas #DDHH #JusticiaParaBeany #Justicia #Tapachula #Chiapas<\/h5>\t\t\t\t\t\t<\/div>\n\t\t\t\t<\/div>\n\t\t\t\t<div class=\"elementor-element elementor-element-3c5b8459 elementor-arrows-position-inside elementor-widget elementor-widget-image-carousel\" data-id=\"3c5b8459\" data-element_type=\"widget\" data-settings=\"{&quot;slides_to_show&quot;:&quot;1&quot;,&quot;navigation&quot;:&quot;arrows&quot;,&quot;autoplay&quot;:&quot;yes&quot;,&quot;pause_on_hover&quot;:&quot;yes&quot;,&quot;pause_on_interaction&quot;:&quot;yes&quot;,&quot;autoplay_speed&quot;:5000,&quot;infinite&quot;:&quot;yes&quot;,&quot;effect&quot;:&quot;slide&quot;,&quot;speed&quot;:500}\" data-widget_type=\"image-carousel.default\">\n\t\t\t\t<div class=\"elementor-widget-container\">\n\t\t\t\t\t<div class=\"elementor-image-carousel-wrapper swiper-container\" dir=\"ltr\">\n\t\t\t<div class=\"elementor-image-carousel swiper-wrapper\" aria-live=\"off\">\n\t\t\t\t\t\t\t\t<div class=\"swiper-slide\" role=\"group\" aria-roledescription=\"slide\" aria-label=\"1 de 2\"><figure class=\"swiper-slide-inner\"><img decoding=\"async\" class=\"swiper-slide-image\" src=\"https:\/\/cedhchiapas.org\/cedh\/wp-content\/uploads\/2026\/04\/678630992_1412846560878780_1258565144575069700_n.jpg\" alt=\"678630992_1412846560878780_1258565144575069700_n\" \/><\/figure><\/div><div class=\"swiper-slide\" role=\"group\" aria-roledescription=\"slide\" aria-label=\"2 de 2\"><figure class=\"swiper-slide-inner\"><img decoding=\"async\" class=\"swiper-slide-image\" src=\"https:\/\/cedhchiapas.org\/cedh\/wp-content\/uploads\/2026\/04\/682304452_1412846514212118_7713088874888765152_n.jpg\" alt=\"682304452_1412846514212118_7713088874888765152_n\" \/><\/figure><\/div>\t\t\t<\/div>\n\t\t\t\t\t\t\t\t\t\t\t\t<div class=\"elementor-swiper-button elementor-swiper-button-prev\" role=\"button\" tabindex=\"0\">\n\t\t\t\t\t\t<i aria-hidden=\"true\" class=\"eicon-chevron-left\"><\/i>\t\t\t\t\t<\/div>\n\t\t\t\t\t<div class=\"elementor-swiper-button elementor-swiper-button-next\" role=\"button\" tabindex=\"0\">\n\t\t\t\t\t\t<i aria-hidden=\"true\" class=\"eicon-chevron-right\"><\/i>\t\t\t\t\t<\/div>\n\t\t\t\t\n\t\t\t\t\t\t\t\t\t<\/div>\n\t\t\t\t<\/div>\n\t\t\t\t<\/div>\n\t\t\t\t\t<\/div>\n\t\t<\/div>\n\t\t\t\t<div class=\"elementor-column elementor-col-16 elementor-top-column elementor-element elementor-element-fc0602\" data-id=\"fc0602\" data-element_type=\"column\">\n\t\t\t<div class=\"elementor-widget-wrap\">\n\t\t\t\t\t\t\t\t\t<\/div>\n\t\t<\/div>\n\t\t\t\t\t\t\t<\/div>\n\t\t<\/section>\n\t\t\t\t\t\t\t<\/div>\n\t\t","protected":false},"excerpt":{"rendered":"<p>La CEDH Chiapas, a trav\u00e9s de la Visitadur\u00eda General Especializada en Atenci\u00f3n de Asuntos de Migrantes, asisti\u00f3 a la marcha pac\u00edfica en la ciudad de Tapachula, convocada por familiares de<\/p>\n","protected":false},"author":6,"featured_media":14736,"comment_status":"closed","ping_status":"open","sticky":false,"template":"","format":"standard","meta":{"_jetpack_memberships_contains_paid_content":false,"footnotes":""},"categories":[1,87],"tags":[],"jetpack_sharing_enabled":true,"jetpack_featured_media_url":"https:\/\/cedhchiapas.org\/cedh\/wp-content\/uploads\/2026\/04\/682304452_1412846514212118_7713088874888765152_n.jpg","_links":{"self":[{"href":"https:\/\/cedhchiapas.org\/cedh\/wp-json\/wp\/v2\/posts\/14734"}],"collection":[{"href":"https:\/\/cedhchiapas.org\/cedh\/wp-json\/wp\/v2\/posts"}],"about":[{"href":"https:\/\/cedhchiapas.org\/cedh\/wp-json\/wp\/v2\/types\/post"}],"author":[{"embeddable":true,"href":"https:\/\/cedhchiapas.org\/cedh\/wp-json\/wp\/v2\/users\/6"}],"replies":[{"embeddable":true,"href":"https:\/\/cedhchiapas.org\/cedh\/wp-json\/wp\/v2\/comments?post=14734"}],"version-history":[{"count":4,"href":"https:\/\/cedhchiapas.org\/cedh\/wp-json\/wp\/v2\/posts\/14734\/revisions"}],"predecessor-version":[{"id":14740,"href":"https:\/\/cedhchiapas.org\/cedh\/wp-json\/wp\/v2\/posts\/14734\/revisions\/14740"}],"wp:featuredmedia":[{"embeddable":true,"href":"https:\/\/cedhchiapas.org\/cedh\/wp-json\/wp\/v2\/media\/14736"}],"wp:attachment":[{"href":"https:\/\/cedhchiapas.org\/cedh\/wp-json\/wp\/v2\/media?parent=14734"}],"wp:term":[{"taxonomy":"category","embeddable":true,"href":"https:\/\/cedhchiapas.org\/cedh\/wp-json\/wp\/v2\/categories?post=14734"},{"taxonomy":"post_tag","embeddable":true,"href":"https:\/\/cedhchiapas.org\/cedh\/wp-json\/wp\/v2\/tags?post=14734"}],"curies":[{"name":"wp","href":"https:\/\/api.w.org\/{rel}","templated":true}]}}