{"id":14687,"date":"2026-04-24T08:31:08","date_gmt":"2026-04-24T14:31:08","guid":{"rendered":"https:\/\/cedhchiapas.org\/cedh\/?p=14687"},"modified":"2026-04-24T08:32:22","modified_gmt":"2026-04-24T14:32:22","slug":"%f0%9f%93%8dla-comision-estatal-de-los-derechos-humanos-participa-en-la-sexta-expo-fortaleciendo-alianzas-para-el-bienestar-de-todos","status":"publish","type":"post","link":"https:\/\/cedhchiapas.org\/cedh\/%f0%9f%93%8dla-comision-estatal-de-los-derechos-humanos-participa-en-la-sexta-expo-fortaleciendo-alianzas-para-el-bienestar-de-todos\/","title":{"rendered":"\ud83d\udccdLa Comisi\u00f3n Estatal de los Derechos Humanos participa en la sexta expo \u201cFortaleciendo Alianzas Para el Bienestar de Todos\u201d"},"content":{"rendered":"\t\t<div data-elementor-type=\"wp-post\" data-elementor-id=\"14687\" class=\"elementor elementor-14687\">\n\t\t\t\t\t\t\t\t\t<section class=\"elementor-section elementor-top-section elementor-element elementor-element-57c98b89 elementor-section-boxed elementor-section-height-default elementor-section-height-default wpr-particle-no wpr-sticky-section-no\" data-id=\"57c98b89\" data-element_type=\"section\">\n\t\t\t\t\t\t<div class=\"elementor-container elementor-column-gap-default\">\n\t\t\t\t\t<div class=\"elementor-column elementor-col-16 elementor-top-column elementor-element elementor-element-4042367c\" data-id=\"4042367c\" data-element_type=\"column\">\n\t\t\t<div class=\"elementor-widget-wrap\">\n\t\t\t\t\t\t\t\t\t<\/div>\n\t\t<\/div>\n\t\t\t\t<div class=\"elementor-column elementor-col-66 elementor-top-column elementor-element elementor-element-59d4540c\" data-id=\"59d4540c\" data-element_type=\"column\">\n\t\t\t<div class=\"elementor-widget-wrap elementor-element-populated\">\n\t\t\t\t\t\t\t\t<div class=\"elementor-element elementor-element-6cc7855d elementor-widget elementor-widget-spacer\" data-id=\"6cc7855d\" data-element_type=\"widget\" data-widget_type=\"spacer.default\">\n\t\t\t\t<div class=\"elementor-widget-container\">\n\t\t\t\t\t<div class=\"elementor-spacer\">\n\t\t\t<div class=\"elementor-spacer-inner\"><\/div>\n\t\t<\/div>\n\t\t\t\t<\/div>\n\t\t\t\t<\/div>\n\t\t\t\t<div class=\"elementor-element elementor-element-6e34ac5e elementor-widget elementor-widget-text-editor\" data-id=\"6e34ac5e\" data-element_type=\"widget\" data-widget_type=\"text-editor.default\">\n\t\t\t\t<div class=\"elementor-widget-container\">\n\t\t\t\t\t\t\t<h5>\ud83d\udccdLa Comisi\u00f3n Estatal de los Derechos Humanos participa en la sexta expo \u201cFortaleciendo Alianzas Para el Bienestar de Todos\u201d que se realiza en el Centro de Rehabilitaci\u00f3n e Inclusi\u00f3n Infantil Telet\u00f3n Chiapas, con el objetivo de llevar informaci\u00f3n a los asistentes sobre los servicios que ofrece el \u00f3rgano vigilante de los derechos humanos. \ud83d\udc66\ud83d\udc67<\/h5><h5>Personal de la CEDH instal\u00f3 el m\u00f3dulo de atenci\u00f3n junto a m\u00e1s de 35 expositores de diferentes instituciones gubernamentales, donde se brinda orientaci\u00f3n adecuada a las personas que acuden con dudas respecto al tema de los derechos humanos.<\/h5><h5><br \/>#CEDHChiapas #DerechosHumanos #Chiapas #ExpoCRIT #Inclusi\u00f3n<\/h5>\t\t\t\t\t\t<\/div>\n\t\t\t\t<\/div>\n\t\t\t\t<div class=\"elementor-element elementor-element-f6bd32f elementor-arrows-position-inside elementor-widget elementor-widget-image-carousel\" data-id=\"f6bd32f\" data-element_type=\"widget\" data-settings=\"{&quot;slides_to_show&quot;:&quot;1&quot;,&quot;navigation&quot;:&quot;arrows&quot;,&quot;autoplay&quot;:&quot;yes&quot;,&quot;pause_on_hover&quot;:&quot;yes&quot;,&quot;pause_on_interaction&quot;:&quot;yes&quot;,&quot;autoplay_speed&quot;:5000,&quot;infinite&quot;:&quot;yes&quot;,&quot;effect&quot;:&quot;slide&quot;,&quot;speed&quot;:500}\" data-widget_type=\"image-carousel.default\">\n\t\t\t\t<div class=\"elementor-widget-container\">\n\t\t\t\t\t<div class=\"elementor-image-carousel-wrapper swiper-container\" dir=\"ltr\">\n\t\t\t<div class=\"elementor-image-carousel swiper-wrapper\" aria-live=\"off\">\n\t\t\t\t\t\t\t\t<div class=\"swiper-slide\" role=\"group\" aria-roledescription=\"slide\" aria-label=\"1 de 3\"><figure class=\"swiper-slide-inner\"><img decoding=\"async\" class=\"swiper-slide-image\" src=\"https:\/\/cedhchiapas.org\/cedh\/wp-content\/uploads\/2026\/04\/IMG_5266-scaled.jpg\" alt=\"IMG_5266\" \/><\/figure><\/div><div class=\"swiper-slide\" role=\"group\" aria-roledescription=\"slide\" aria-label=\"2 de 3\"><figure class=\"swiper-slide-inner\"><img decoding=\"async\" class=\"swiper-slide-image\" src=\"https:\/\/cedhchiapas.org\/cedh\/wp-content\/uploads\/2026\/04\/IMG_5284-scaled.jpg\" alt=\"IMG_5284\" \/><\/figure><\/div><div class=\"swiper-slide\" role=\"group\" aria-roledescription=\"slide\" aria-label=\"3 de 3\"><figure class=\"swiper-slide-inner\"><img decoding=\"async\" class=\"swiper-slide-image\" src=\"https:\/\/cedhchiapas.org\/cedh\/wp-content\/uploads\/2026\/04\/IMG_5272-scaled.jpg\" alt=\"IMG_5272\" \/><\/figure><\/div>\t\t\t<\/div>\n\t\t\t\t\t\t\t\t\t\t\t\t<div class=\"elementor-swiper-button elementor-swiper-button-prev\" role=\"button\" tabindex=\"0\">\n\t\t\t\t\t\t<i aria-hidden=\"true\" class=\"eicon-chevron-left\"><\/i>\t\t\t\t\t<\/div>\n\t\t\t\t\t<div class=\"elementor-swiper-button elementor-swiper-button-next\" role=\"button\" tabindex=\"0\">\n\t\t\t\t\t\t<i aria-hidden=\"true\" class=\"eicon-chevron-right\"><\/i>\t\t\t\t\t<\/div>\n\t\t\t\t\n\t\t\t\t\t\t\t\t\t<\/div>\n\t\t\t\t<\/div>\n\t\t\t\t<\/div>\n\t\t\t\t\t<\/div>\n\t\t<\/div>\n\t\t\t\t<div class=\"elementor-column elementor-col-16 elementor-top-column elementor-element elementor-element-7283528\" data-id=\"7283528\" data-element_type=\"column\">\n\t\t\t<div class=\"elementor-widget-wrap\">\n\t\t\t\t\t\t\t\t\t<\/div>\n\t\t<\/div>\n\t\t\t\t\t\t\t<\/div>\n\t\t<\/section>\n\t\t\t\t\t\t\t<\/div>\n\t\t","protected":false},"excerpt":{"rendered":"<p>\ud83d\udccdLa Comisi\u00f3n Estatal de los Derechos Humanos participa en la sexta expo \u201cFortaleciendo Alianzas Para el Bienestar de Todos\u201d que se realiza en el Centro de Rehabilitaci\u00f3n e Inclusi\u00f3n Infantil<\/p>\n","protected":false},"author":6,"featured_media":14690,"comment_status":"closed","ping_status":"open","sticky":false,"template":"","format":"standard","meta":{"_jetpack_memberships_contains_paid_content":false,"footnotes":""},"categories":[1,87],"tags":[],"jetpack_sharing_enabled":true,"jetpack_featured_media_url":"https:\/\/cedhchiapas.org\/cedh\/wp-content\/uploads\/2026\/04\/IMG_5272-scaled.jpg","_links":{"self":[{"href":"https:\/\/cedhchiapas.org\/cedh\/wp-json\/wp\/v2\/posts\/14687"}],"collection":[{"href":"https:\/\/cedhchiapas.org\/cedh\/wp-json\/wp\/v2\/posts"}],"about":[{"href":"https:\/\/cedhchiapas.org\/cedh\/wp-json\/wp\/v2\/types\/post"}],"author":[{"embeddable":true,"href":"https:\/\/cedhchiapas.org\/cedh\/wp-json\/wp\/v2\/users\/6"}],"replies":[{"embeddable":true,"href":"https:\/\/cedhchiapas.org\/cedh\/wp-json\/wp\/v2\/comments?post=14687"}],"version-history":[{"count":4,"href":"https:\/\/cedhchiapas.org\/cedh\/wp-json\/wp\/v2\/posts\/14687\/revisions"}],"predecessor-version":[{"id":14694,"href":"https:\/\/cedhchiapas.org\/cedh\/wp-json\/wp\/v2\/posts\/14687\/revisions\/14694"}],"wp:featuredmedia":[{"embeddable":true,"href":"https:\/\/cedhchiapas.org\/cedh\/wp-json\/wp\/v2\/media\/14690"}],"wp:attachment":[{"href":"https:\/\/cedhchiapas.org\/cedh\/wp-json\/wp\/v2\/media?parent=14687"}],"wp:term":[{"taxonomy":"category","embeddable":true,"href":"https:\/\/cedhchiapas.org\/cedh\/wp-json\/wp\/v2\/categories?post=14687"},{"taxonomy":"post_tag","embeddable":true,"href":"https:\/\/cedhchiapas.org\/cedh\/wp-json\/wp\/v2\/tags?post=14687"}],"curies":[{"name":"wp","href":"https:\/\/api.w.org\/{rel}","templated":true}]}}