{"id":14347,"date":"2026-04-01T15:11:42","date_gmt":"2026-04-01T21:11:42","guid":{"rendered":"https:\/\/cedhchiapas.org\/cedh\/?p=14347"},"modified":"2026-04-01T15:13:15","modified_gmt":"2026-04-01T21:13:15","slug":"%f0%9f%93%8c%f0%9f%93%b2el-presidente-de-la-comision-estatal-de-los-derechos-humanos-mtro-horacio-culebro-borrayas-se-reunio-este-miercoles-con-el-secretario-de-salud-en-chiapas-dr-omar-gomez-cru","status":"publish","type":"post","link":"https:\/\/cedhchiapas.org\/cedh\/%f0%9f%93%8c%f0%9f%93%b2el-presidente-de-la-comision-estatal-de-los-derechos-humanos-mtro-horacio-culebro-borrayas-se-reunio-este-miercoles-con-el-secretario-de-salud-en-chiapas-dr-omar-gomez-cru\/","title":{"rendered":"\ud83d\udccc\ud83d\udcf2El Presidente de la Comisi\u00f3n Estatal de los Derechos Humanos, Mtro. Horacio Culebro Borrayas, se reuni\u00f3 este mi\u00e9rcoles con el Secretario de Salud en Chiapas, Dr. Omar G\u00f3mez Cruz."},"content":{"rendered":"\t\t<div data-elementor-type=\"wp-post\" data-elementor-id=\"14347\" class=\"elementor elementor-14347\">\n\t\t\t\t\t\t\t\t\t<section class=\"elementor-section elementor-top-section elementor-element elementor-element-75556a91 elementor-section-boxed elementor-section-height-default elementor-section-height-default wpr-particle-no wpr-sticky-section-no\" data-id=\"75556a91\" data-element_type=\"section\">\n\t\t\t\t\t\t<div class=\"elementor-container elementor-column-gap-default\">\n\t\t\t\t\t<div class=\"elementor-column elementor-col-16 elementor-top-column elementor-element elementor-element-b4ac84f\" data-id=\"b4ac84f\" data-element_type=\"column\">\n\t\t\t<div class=\"elementor-widget-wrap\">\n\t\t\t\t\t\t\t\t\t<\/div>\n\t\t<\/div>\n\t\t\t\t<div class=\"elementor-column elementor-col-66 elementor-top-column elementor-element elementor-element-19d079ec\" data-id=\"19d079ec\" data-element_type=\"column\">\n\t\t\t<div class=\"elementor-widget-wrap elementor-element-populated\">\n\t\t\t\t\t\t\t\t<div class=\"elementor-element elementor-element-7adfa8d elementor-widget elementor-widget-spacer\" data-id=\"7adfa8d\" data-element_type=\"widget\" data-widget_type=\"spacer.default\">\n\t\t\t\t<div class=\"elementor-widget-container\">\n\t\t\t\t\t<div class=\"elementor-spacer\">\n\t\t\t<div class=\"elementor-spacer-inner\"><\/div>\n\t\t<\/div>\n\t\t\t\t<\/div>\n\t\t\t\t<\/div>\n\t\t\t\t<div class=\"elementor-element elementor-element-2f6c54e3 elementor-widget elementor-widget-text-editor\" data-id=\"2f6c54e3\" data-element_type=\"widget\" data-widget_type=\"text-editor.default\">\n\t\t\t\t<div class=\"elementor-widget-container\">\n\t\t\t\t\t\t\t<h5>\ud83d\udccc\ud83d\udcf2El Presidente de la Comisi\u00f3n Estatal de los Derechos Humanos, Mtro. Horacio Culebro Borrayas, se reuni\u00f3 este mi\u00e9rcoles con el Secretario de Salud en Chiapas, Dr. Omar G\u00f3mez Cruz.<br \/>El Ombudsperson chiapaneco acompa\u00f1\u00f3 al Dr. Lester David Duportay Tejeda, quien present\u00f3 al funcionario de salud un proyecto relacionado con el uso del ozono en pacientes que padecen diabetes, entre otros padecimientos cr\u00f3nicos.<br \/>Con estas acciones, la Comisi\u00f3n Estatal de los Derechos Humanos participa en la b\u00fasqueda de alternativas para los grupos vulnerables, porque la salud tambi\u00e9n es un derecho humano.<br \/>#CEDHChiapas #DerechosHumanos #SaludEsUnDerecho #Chiapas #TrabajoInstitucional #GruposVulnerables #SaludParaTodos #CompromisoSocial #AccionesCEDH #Bienestar #DerechoALaSalud @seguidores @fandestacado<\/h5>\t\t\t\t\t\t<\/div>\n\t\t\t\t<\/div>\n\t\t\t\t<div class=\"elementor-element elementor-element-21f59fed elementor-arrows-position-inside elementor-widget elementor-widget-image-carousel\" data-id=\"21f59fed\" data-element_type=\"widget\" data-settings=\"{&quot;slides_to_show&quot;:&quot;1&quot;,&quot;navigation&quot;:&quot;arrows&quot;,&quot;autoplay&quot;:&quot;yes&quot;,&quot;pause_on_hover&quot;:&quot;yes&quot;,&quot;pause_on_interaction&quot;:&quot;yes&quot;,&quot;autoplay_speed&quot;:5000,&quot;infinite&quot;:&quot;yes&quot;,&quot;effect&quot;:&quot;slide&quot;,&quot;speed&quot;:500}\" data-widget_type=\"image-carousel.default\">\n\t\t\t\t<div class=\"elementor-widget-container\">\n\t\t\t\t\t<div class=\"elementor-image-carousel-wrapper swiper-container\" dir=\"ltr\">\n\t\t\t<div class=\"elementor-image-carousel swiper-wrapper\" aria-live=\"off\">\n\t\t\t\t\t\t\t\t<div class=\"swiper-slide\" role=\"group\" aria-roledescription=\"slide\" aria-label=\"1 de 2\"><figure class=\"swiper-slide-inner\"><img decoding=\"async\" class=\"swiper-slide-image\" src=\"https:\/\/cedhchiapas.org\/cedh\/wp-content\/uploads\/2026\/04\/661026773_1392592046237565_1127848503958367721_n.jpg\" alt=\"661026773_1392592046237565_1127848503958367721_n\" \/><\/figure><\/div><div class=\"swiper-slide\" role=\"group\" aria-roledescription=\"slide\" aria-label=\"2 de 2\"><figure class=\"swiper-slide-inner\"><img decoding=\"async\" class=\"swiper-slide-image\" src=\"https:\/\/cedhchiapas.org\/cedh\/wp-content\/uploads\/2026\/04\/WhatsApp-Image-2026-04-01-at-1.10.12-PM.jpeg\" alt=\"WhatsApp Image 2026-04-01 at 1.10.12 PM\" \/><\/figure><\/div>\t\t\t<\/div>\n\t\t\t\t\t\t\t\t\t\t\t\t<div class=\"elementor-swiper-button elementor-swiper-button-prev\" role=\"button\" tabindex=\"0\">\n\t\t\t\t\t\t<i aria-hidden=\"true\" class=\"eicon-chevron-left\"><\/i>\t\t\t\t\t<\/div>\n\t\t\t\t\t<div class=\"elementor-swiper-button elementor-swiper-button-next\" role=\"button\" tabindex=\"0\">\n\t\t\t\t\t\t<i aria-hidden=\"true\" class=\"eicon-chevron-right\"><\/i>\t\t\t\t\t<\/div>\n\t\t\t\t\n\t\t\t\t\t\t\t\t\t<\/div>\n\t\t\t\t<\/div>\n\t\t\t\t<\/div>\n\t\t\t\t\t<\/div>\n\t\t<\/div>\n\t\t\t\t<div class=\"elementor-column elementor-col-16 elementor-top-column elementor-element elementor-element-258a9747\" data-id=\"258a9747\" data-element_type=\"column\">\n\t\t\t<div class=\"elementor-widget-wrap\">\n\t\t\t\t\t\t\t\t\t<\/div>\n\t\t<\/div>\n\t\t\t\t\t\t\t<\/div>\n\t\t<\/section>\n\t\t\t\t<section class=\"elementor-section elementor-top-section elementor-element elementor-element-2d8dec0 elementor-section-boxed elementor-section-height-default elementor-section-height-default wpr-particle-no wpr-sticky-section-no\" data-id=\"2d8dec0\" data-element_type=\"section\">\n\t\t\t\t\t\t<div class=\"elementor-container elementor-column-gap-default\">\n\t\t\t\t\t<div class=\"elementor-column elementor-col-100 elementor-top-column elementor-element elementor-element-28b303e\" data-id=\"28b303e\" data-element_type=\"column\">\n\t\t\t<div class=\"elementor-widget-wrap elementor-element-populated\">\n\t\t\t\t\t\t\t\t<div class=\"elementor-element elementor-element-3c9c775 elementor-widget elementor-widget-contentviews_widget_list1\" data-id=\"3c9c775\" data-element_type=\"widget\" data-widget_type=\"contentviews_widget_list1.default\">\n\t\t\t\t<div class=\"elementor-widget-container\">\n\t\t\t<div class='pt-cv-wrapper'> <h1 class='pt-cv-heading-container heading1' data-blockid='3c9c775'><span class='pt-cv-heading'> Encabezado <\/span><\/h1><div class=\"pt-cv-view pt-cv-blockgrid iscvblock iscvelementor list1 layout1\" id=\"pt-cv-view-3c9c775\"><div data-id=\"pt-cv-page-1\" class=\"pt-cv-page\" data-cvc=\"1\"><div class=\" pt-cv-content-item pt-cv-2-col\" ><div class=\"pt-cv-thumb-wrapper pull-left \"><a href=\"https:\/\/cedhchiapas.org\/cedh\/%f0%9f%93%b1la-comision-estatal-de-los-derechos-humanos-de-chiapas-a-traves-de-la-visitaduria-general-especializada-en-atencion-de-asuntos-de-migrantes\/\" class=\"_self pt-cv-href-thumbnail pt-cv-thumb-left\" target=\"_self\" ><img loading=\"lazy\" decoding=\"async\" width=\"1024\" height=\"536\" src=\"https:\/\/cedhchiapas.org\/cedh\/wp-content\/uploads\/2026\/04\/678455920_1412653817564721_731190056546616253_n-1-1024x536.jpg\" class=\"pt-cv-thumbnail pull-left\" alt=\"\" \/><\/a><\/div>\n<div class=\"pt-cv-colwrap\"><div class=\"pt-cv-taxoterm above_title\"><a href='https:\/\/cedhchiapas.org\/cedh\/category\/difusion\/' title='DIFUSI\u00d3N' class='pt-cv-tax-difusion'>DIFUSI\u00d3N<\/a><a href='https:\/\/cedhchiapas.org\/cedh\/category\/novedades\/' title='Novedades' class='pt-cv-tax-novedades'>Novedades<\/a><\/div><h4 class=\"pt-cv-title\"><a href=\"https:\/\/cedhchiapas.org\/cedh\/%f0%9f%93%b1la-comision-estatal-de-los-derechos-humanos-de-chiapas-a-traves-de-la-visitaduria-general-especializada-en-atencion-de-asuntos-de-migrantes\/\" class=\"_self\" target=\"_self\" >\ud83d\udcf1La Comisi\u00f3n Estatal de los Derechos Humanos de Chiapas, a trav\u00e9s de la Visitadur\u00eda General Especializada en Atenci\u00f3n de Asuntos de Migrantes<\/a><\/h4><div class=\"pt-cv-content\">\ud83d\udcf1La Comisi\u00f3n Estatal de los Derechos Humanos de Chiapas, a trav\u00e9s de la Visitadur\u00eda General Especializada en Atenci\u00f3n de Asuntos ...<\/div><div class=\"pt-cv-rmwrap\"><a href=\"https:\/\/cedhchiapas.org\/cedh\/%f0%9f%93%b1la-comision-estatal-de-los-derechos-humanos-de-chiapas-a-traves-de-la-visitaduria-general-especializada-en-atencion-de-asuntos-de-migrantes\/\" class=\"_self pt-cv-readmore btn btn-success\" target=\"_self\" >Leer m\u00e1s<\/a><\/div><div class=\"pt-cv-meta-fields\"><span class=\"entry-date\"> <time datetime=\"2026-04-24T12:52:11-06:00\">24\/04\/2026<\/time><\/span><span> \/ <\/span><span class=\"author\"> <a href=\"https:\/\/cedhchiapas.org\/cedh\/author\/comunicacion\/\" rel=\"author\">comunicacion<\/a><\/span><\/div><\/div><\/div>\n<div class=\" pt-cv-content-item pt-cv-2-col\" ><div class=\"pt-cv-thumb-wrapper pull-left \"><a href=\"https:\/\/cedhchiapas.org\/cedh\/%f0%9f%93%8cla-cdeh-chiapas-fortalece-la-cultura-de-prevencion-al-atender-las-recomendaciones-por-parte-de-la-lic-liliana-castillo-patricio-brigadista-de-la-sociedad-operadora-de-la-torre-chiapas\/\" class=\"_self pt-cv-href-thumbnail pt-cv-thumb-left\" target=\"_self\" ><img loading=\"lazy\" decoding=\"async\" width=\"1024\" height=\"666\" src=\"https:\/\/cedhchiapas.org\/cedh\/wp-content\/uploads\/2026\/04\/WhatsApp-Image-2026-04-24-at-9.33.56-AM-1024x666.jpeg\" class=\"pt-cv-thumbnail pull-left\" alt=\"\" \/><\/a><\/div>\n<div class=\"pt-cv-colwrap\"><div class=\"pt-cv-taxoterm above_title\"><a href='https:\/\/cedhchiapas.org\/cedh\/category\/difusion\/' title='DIFUSI\u00d3N' class='pt-cv-tax-difusion'>DIFUSI\u00d3N<\/a><a href='https:\/\/cedhchiapas.org\/cedh\/category\/novedades\/' title='Novedades' class='pt-cv-tax-novedades'>Novedades<\/a><\/div><h4 class=\"pt-cv-title\"><a href=\"https:\/\/cedhchiapas.org\/cedh\/%f0%9f%93%8cla-cdeh-chiapas-fortalece-la-cultura-de-prevencion-al-atender-las-recomendaciones-por-parte-de-la-lic-liliana-castillo-patricio-brigadista-de-la-sociedad-operadora-de-la-torre-chiapas\/\" class=\"_self\" target=\"_self\" >\ud83d\udcccLa CDEH Chiapas fortalece la cultura de prevenci\u00f3n, al atender las recomendaciones por parte de la Lic. Liliana Castillo Patricio, brigadista de la Sociedad Operadora de la Torre Chiapas.<\/a><\/h4><div class=\"pt-cv-content\">\ud83d\udcccLa CDEH Chiapas fortalece la cultura de prevenci\u00f3n, al atender las recomendaciones por parte de la Lic. Liliana Castillo Patricio, ...<\/div><div class=\"pt-cv-rmwrap\"><a href=\"https:\/\/cedhchiapas.org\/cedh\/%f0%9f%93%8cla-cdeh-chiapas-fortalece-la-cultura-de-prevencion-al-atender-las-recomendaciones-por-parte-de-la-lic-liliana-castillo-patricio-brigadista-de-la-sociedad-operadora-de-la-torre-chiapas\/\" class=\"_self pt-cv-readmore btn btn-success\" target=\"_self\" >Leer m\u00e1s<\/a><\/div><div class=\"pt-cv-meta-fields\"><span class=\"entry-date\"> <time datetime=\"2026-04-24T12:46:30-06:00\">24\/04\/2026<\/time><\/span><span> \/ <\/span><span class=\"author\"> <a href=\"https:\/\/cedhchiapas.org\/cedh\/author\/comunicacion\/\" rel=\"author\">comunicacion<\/a><\/span><\/div><\/div><\/div>\n<div class=\" pt-cv-content-item pt-cv-2-col\" ><div class=\"pt-cv-thumb-wrapper pull-left \"><a href=\"https:\/\/cedhchiapas.org\/cedh\/%f0%9f%93%8c%f0%9f%93%b1la-cedh-chiapas-a-traves-de-la-visitaduria-general-especializada-en-atencion-de-asuntos-de-migrantes-participa-en-mesa-de-atencion-a-casos-de-feminicidio-en-tapachul\/\" class=\"_self pt-cv-href-thumbnail pt-cv-thumb-left\" target=\"_self\" ><img loading=\"lazy\" decoding=\"async\" width=\"1024\" height=\"679\" src=\"https:\/\/cedhchiapas.org\/cedh\/wp-content\/uploads\/2026\/04\/Diseno-sin-titulo-10-1-1024x679.jpg\" class=\"pt-cv-thumbnail pull-left\" alt=\"\" \/><\/a><\/div>\n<div class=\"pt-cv-colwrap\"><div class=\"pt-cv-taxoterm above_title\"><a href='https:\/\/cedhchiapas.org\/cedh\/category\/difusion\/' title='DIFUSI\u00d3N' class='pt-cv-tax-difusion'>DIFUSI\u00d3N<\/a><a href='https:\/\/cedhchiapas.org\/cedh\/category\/novedades\/' title='Novedades' class='pt-cv-tax-novedades'>Novedades<\/a><\/div><h4 class=\"pt-cv-title\"><a href=\"https:\/\/cedhchiapas.org\/cedh\/%f0%9f%93%8c%f0%9f%93%b1la-cedh-chiapas-a-traves-de-la-visitaduria-general-especializada-en-atencion-de-asuntos-de-migrantes-participa-en-mesa-de-atencion-a-casos-de-feminicidio-en-tapachul\/\" class=\"_self\" target=\"_self\" >\ud83d\udccc\ud83d\udcf1La CEDH Chiapas, a trav\u00e9s de la Visitadur\u00eda General Especializada en Atenci\u00f3n de Asuntos de Migrantes, participa en \u201cMesa de Atenci\u00f3n a Casos de Feminicidio en Tapachula\u201d.<\/a><\/h4><div class=\"pt-cv-content\">\ud83d\udccc\ud83d\udcf1La CEDH Chiapas, a trav\u00e9s de la Visitadur\u00eda General Especializada en Atenci\u00f3n de Asuntos de Migrantes, participa en \u201cMesa de ...<\/div><div class=\"pt-cv-rmwrap\"><a href=\"https:\/\/cedhchiapas.org\/cedh\/%f0%9f%93%8c%f0%9f%93%b1la-cedh-chiapas-a-traves-de-la-visitaduria-general-especializada-en-atencion-de-asuntos-de-migrantes-participa-en-mesa-de-atencion-a-casos-de-feminicidio-en-tapachul\/\" class=\"_self pt-cv-readmore btn btn-success\" target=\"_self\" >Leer m\u00e1s<\/a><\/div><div class=\"pt-cv-meta-fields\"><span class=\"entry-date\"> <time datetime=\"2026-04-24T12:36:29-06:00\">24\/04\/2026<\/time><\/span><span> \/ <\/span><span class=\"author\"> <a href=\"https:\/\/cedhchiapas.org\/cedh\/author\/comunicacion\/\" rel=\"author\">comunicacion<\/a><\/span><\/div><\/div><\/div>\n<div class=\" pt-cv-content-item pt-cv-2-col\" ><div class=\"pt-cv-thumb-wrapper pull-left \"><a href=\"https:\/\/cedhchiapas.org\/cedh\/%f0%9f%93%8dla-comision-estatal-de-los-derechos-humanos-participa-en-la-sexta-expo-fortaleciendo-alianzas-para-el-bienestar-de-todos\/\" class=\"_self pt-cv-href-thumbnail pt-cv-thumb-left\" target=\"_self\" ><img loading=\"lazy\" decoding=\"async\" width=\"1024\" height=\"768\" src=\"https:\/\/cedhchiapas.org\/cedh\/wp-content\/uploads\/2026\/04\/IMG_5272-1024x768.jpg\" class=\"pt-cv-thumbnail pull-left\" alt=\"\" \/><\/a><\/div>\n<div class=\"pt-cv-colwrap\"><div class=\"pt-cv-taxoterm above_title\"><a href='https:\/\/cedhchiapas.org\/cedh\/category\/difusion\/' title='DIFUSI\u00d3N' class='pt-cv-tax-difusion'>DIFUSI\u00d3N<\/a><a href='https:\/\/cedhchiapas.org\/cedh\/category\/novedades\/' title='Novedades' class='pt-cv-tax-novedades'>Novedades<\/a><\/div><h4 class=\"pt-cv-title\"><a href=\"https:\/\/cedhchiapas.org\/cedh\/%f0%9f%93%8dla-comision-estatal-de-los-derechos-humanos-participa-en-la-sexta-expo-fortaleciendo-alianzas-para-el-bienestar-de-todos\/\" class=\"_self\" target=\"_self\" >\ud83d\udccdLa Comisi\u00f3n Estatal de los Derechos Humanos participa en la sexta expo \u201cFortaleciendo Alianzas Para el Bienestar de Todos\u201d<\/a><\/h4><div class=\"pt-cv-content\">\ud83d\udccdLa Comisi\u00f3n Estatal de los Derechos Humanos participa en la sexta expo \u201cFortaleciendo Alianzas Para el Bienestar de Todos\u201d que ...<\/div><div class=\"pt-cv-rmwrap\"><a href=\"https:\/\/cedhchiapas.org\/cedh\/%f0%9f%93%8dla-comision-estatal-de-los-derechos-humanos-participa-en-la-sexta-expo-fortaleciendo-alianzas-para-el-bienestar-de-todos\/\" class=\"_self pt-cv-readmore btn btn-success\" target=\"_self\" >Leer m\u00e1s<\/a><\/div><div class=\"pt-cv-meta-fields\"><span class=\"entry-date\"> <time datetime=\"2026-04-24T08:31:08-06:00\">24\/04\/2026<\/time><\/span><span> \/ <\/span><span class=\"author\"> <a href=\"https:\/\/cedhchiapas.org\/cedh\/author\/comunicacion\/\" rel=\"author\">comunicacion<\/a><\/span><\/div><\/div><\/div>\n<div class=\" pt-cv-content-item pt-cv-2-col\" ><div class=\"pt-cv-thumb-wrapper pull-left \"><a href=\"https:\/\/cedhchiapas.org\/cedh\/%f0%9f%93%8c%f0%9f%93%b1la-comision-estatal-de-los-derechos-humanos-recibio-una-solicitud-del-centro-de-estudios-universitarios-del-sur-sureste-para-la-firma-de-un-convenio-de-colaboracion\/\" class=\"_self pt-cv-href-thumbnail pt-cv-thumb-left\" target=\"_self\" ><img loading=\"lazy\" decoding=\"async\" width=\"1024\" height=\"768\" src=\"https:\/\/cedhchiapas.org\/cedh\/wp-content\/uploads\/2026\/04\/IMG_5567-1024x768.jpg\" class=\"pt-cv-thumbnail pull-left\" alt=\"\" \/><\/a><\/div>\n<div class=\"pt-cv-colwrap\"><div class=\"pt-cv-taxoterm above_title\"><a href='https:\/\/cedhchiapas.org\/cedh\/category\/difusion\/' title='DIFUSI\u00d3N' class='pt-cv-tax-difusion'>DIFUSI\u00d3N<\/a><a href='https:\/\/cedhchiapas.org\/cedh\/category\/novedades\/' title='Novedades' class='pt-cv-tax-novedades'>Novedades<\/a><\/div><h4 class=\"pt-cv-title\"><a href=\"https:\/\/cedhchiapas.org\/cedh\/%f0%9f%93%8c%f0%9f%93%b1la-comision-estatal-de-los-derechos-humanos-recibio-una-solicitud-del-centro-de-estudios-universitarios-del-sur-sureste-para-la-firma-de-un-convenio-de-colaboracion\/\" class=\"_self\" target=\"_self\" >\ud83d\udccc\ud83d\udcf1La Comisi\u00f3n Estatal de los Derechos Humanos recibi\u00f3 una solicitud del Centro de Estudios Universitarios del Sur Sureste para la firma de un convenio de colaboraci\u00f3n..<\/a><\/h4><div class=\"pt-cv-content\">\ud83d\udccc\ud83d\udcf1La Comisi\u00f3n Estatal de los Derechos Humanos recibi\u00f3 una solicitud del Centro de Estudios Universitarios del Sur Sureste para la ...<\/div><div class=\"pt-cv-rmwrap\"><a href=\"https:\/\/cedhchiapas.org\/cedh\/%f0%9f%93%8c%f0%9f%93%b1la-comision-estatal-de-los-derechos-humanos-recibio-una-solicitud-del-centro-de-estudios-universitarios-del-sur-sureste-para-la-firma-de-un-convenio-de-colaboracion\/\" class=\"_self pt-cv-readmore btn btn-success\" target=\"_self\" >Leer m\u00e1s<\/a><\/div><div class=\"pt-cv-meta-fields\"><span class=\"entry-date\"> <time datetime=\"2026-04-23T15:47:07-06:00\">23\/04\/2026<\/time><\/span><span> \/ <\/span><span class=\"author\"> <a href=\"https:\/\/cedhchiapas.org\/cedh\/author\/comunicacion\/\" rel=\"author\">comunicacion<\/a><\/span><\/div><\/div><\/div>\n<div class=\" pt-cv-content-item pt-cv-2-col\" ><div class=\"pt-cv-thumb-wrapper pull-left \"><a href=\"https:\/\/cedhchiapas.org\/cedh\/%f0%9f%93%8c%f0%9f%93%b1con-el-objetivo-de-prevenir-actos-que-puedan-violentar-los-derechos-humanos-de-ninas-y-ninos-la-comision-estatal-de-los-derechos-humanos-impartio-el-tema-derechos-hum\/\" class=\"_self pt-cv-href-thumbnail pt-cv-thumb-left\" target=\"_self\" ><img loading=\"lazy\" decoding=\"async\" width=\"1024\" height=\"768\" src=\"https:\/\/cedhchiapas.org\/cedh\/wp-content\/uploads\/2026\/04\/WhatsApp-Image-2026-04-22-at-3.25.04-PM-1024x768.jpeg\" class=\"pt-cv-thumbnail pull-left\" alt=\"\" \/><\/a><\/div>\n<div class=\"pt-cv-colwrap\"><div class=\"pt-cv-taxoterm above_title\"><a href='https:\/\/cedhchiapas.org\/cedh\/category\/difusion\/' title='DIFUSI\u00d3N' class='pt-cv-tax-difusion'>DIFUSI\u00d3N<\/a><a href='https:\/\/cedhchiapas.org\/cedh\/category\/novedades\/' title='Novedades' class='pt-cv-tax-novedades'>Novedades<\/a><\/div><h4 class=\"pt-cv-title\"><a href=\"https:\/\/cedhchiapas.org\/cedh\/%f0%9f%93%8c%f0%9f%93%b1con-el-objetivo-de-prevenir-actos-que-puedan-violentar-los-derechos-humanos-de-ninas-y-ninos-la-comision-estatal-de-los-derechos-humanos-impartio-el-tema-derechos-hum\/\" class=\"_self\" target=\"_self\" >\ud83d\udccc\ud83d\udcf1Con el objetivo de prevenir actos que puedan violentar los derechos humanos de ni\u00f1as y ni\u00f1os, la Comisi\u00f3n Estatal de los Derechos Humanos imparti\u00f3 el tema \u201cDerechos Humanos y el Servicio Docente\u201d&#8230;<\/a><\/h4><div class=\"pt-cv-content\">\ud83d\udccc\ud83d\udcf1Con el objetivo de prevenir actos que puedan violentar los derechos humanos de ni\u00f1as y ni\u00f1os, la Comisi\u00f3n Estatal de ...<\/div><div class=\"pt-cv-rmwrap\"><a href=\"https:\/\/cedhchiapas.org\/cedh\/%f0%9f%93%8c%f0%9f%93%b1con-el-objetivo-de-prevenir-actos-que-puedan-violentar-los-derechos-humanos-de-ninas-y-ninos-la-comision-estatal-de-los-derechos-humanos-impartio-el-tema-derechos-hum\/\" class=\"_self pt-cv-readmore btn btn-success\" target=\"_self\" >Leer m\u00e1s<\/a><\/div><div class=\"pt-cv-meta-fields\"><span class=\"entry-date\"> <time datetime=\"2026-04-23T11:05:20-06:00\">23\/04\/2026<\/time><\/span><span> \/ <\/span><span class=\"author\"> <a href=\"https:\/\/cedhchiapas.org\/cedh\/author\/comunicacion\/\" rel=\"author\">comunicacion<\/a><\/span><\/div><\/div><\/div><\/div><\/div> <\/div> \t\t<\/div>\n\t\t\t\t<\/div>\n\t\t\t\t\t<\/div>\n\t\t<\/div>\n\t\t\t\t\t\t\t<\/div>\n\t\t<\/section>\n\t\t\t\t\t\t\t<\/div>\n\t\t","protected":false},"excerpt":{"rendered":"<p>\ud83d\udccc\ud83d\udcf1Con el objetivo de prevenir actos que puedan violentar los derechos humanos de ni\u00f1as y ni\u00f1os, la Comisi\u00f3n Estatal de los Derechos Humanos imparti\u00f3 el tema \u201cDerechos Humanos y el<\/p>\n","protected":false},"author":6,"featured_media":14350,"comment_status":"closed","ping_status":"open","sticky":false,"template":"","format":"standard","meta":{"_jetpack_memberships_contains_paid_content":false,"footnotes":""},"categories":[1,87],"tags":[],"jetpack_sharing_enabled":true,"jetpack_featured_media_url":"https:\/\/cedhchiapas.org\/cedh\/wp-content\/uploads\/2026\/04\/WhatsApp-Image-2026-04-01-at-1.10.12-PM.jpeg","_links":{"self":[{"href":"https:\/\/cedhchiapas.org\/cedh\/wp-json\/wp\/v2\/posts\/14347"}],"collection":[{"href":"https:\/\/cedhchiapas.org\/cedh\/wp-json\/wp\/v2\/posts"}],"about":[{"href":"https:\/\/cedhchiapas.org\/cedh\/wp-json\/wp\/v2\/types\/post"}],"author":[{"embeddable":true,"href":"https:\/\/cedhchiapas.org\/cedh\/wp-json\/wp\/v2\/users\/6"}],"replies":[{"embeddable":true,"href":"https:\/\/cedhchiapas.org\/cedh\/wp-json\/wp\/v2\/comments?post=14347"}],"version-history":[{"count":4,"href":"https:\/\/cedhchiapas.org\/cedh\/wp-json\/wp\/v2\/posts\/14347\/revisions"}],"predecessor-version":[{"id":14353,"href":"https:\/\/cedhchiapas.org\/cedh\/wp-json\/wp\/v2\/posts\/14347\/revisions\/14353"}],"wp:featuredmedia":[{"embeddable":true,"href":"https:\/\/cedhchiapas.org\/cedh\/wp-json\/wp\/v2\/media\/14350"}],"wp:attachment":[{"href":"https:\/\/cedhchiapas.org\/cedh\/wp-json\/wp\/v2\/media?parent=14347"}],"wp:term":[{"taxonomy":"category","embeddable":true,"href":"https:\/\/cedhchiapas.org\/cedh\/wp-json\/wp\/v2\/categories?post=14347"},{"taxonomy":"post_tag","embeddable":true,"href":"https:\/\/cedhchiapas.org\/cedh\/wp-json\/wp\/v2\/tags?post=14347"}],"curies":[{"name":"wp","href":"https:\/\/api.w.org\/{rel}","templated":true}]}}