{"id":14334,"date":"2026-03-27T15:08:50","date_gmt":"2026-03-27T21:08:50","guid":{"rendered":"https:\/\/cedhchiapas.org\/cedh\/?p=14334"},"modified":"2026-03-27T15:10:40","modified_gmt":"2026-03-27T21:10:40","slug":"%f0%9f%93%8cel-presidente-de-la-comision-estatal-de-los-derechos-humanos-de-chiapas-mtro-horacio-culebro-borrayas-asistio-como-invitado-a-la-celebracion-por-el-23-aniversario-de-la-sala-regional-de","status":"publish","type":"post","link":"https:\/\/cedhchiapas.org\/cedh\/%f0%9f%93%8cel-presidente-de-la-comision-estatal-de-los-derechos-humanos-de-chiapas-mtro-horacio-culebro-borrayas-asistio-como-invitado-a-la-celebracion-por-el-23-aniversario-de-la-sala-regional-de\/","title":{"rendered":"\ud83d\udcccEl Presidente de la Comisi\u00f3n Estatal de los Derechos Humanos de Chiapas, Mtro. Horacio Culebro Borrayas, asisti\u00f3 como invitado a la celebraci\u00f3n por el 23 aniversario de la Sala Regional de Chiapas del Tribunal Federal de Justicia Administrativa."},"content":{"rendered":"\t\t<div data-elementor-type=\"wp-post\" data-elementor-id=\"14334\" class=\"elementor elementor-14334\">\n\t\t\t\t\t\t\t\t\t<section class=\"elementor-section elementor-top-section elementor-element elementor-element-34b10a7d elementor-section-boxed elementor-section-height-default elementor-section-height-default wpr-particle-no wpr-sticky-section-no\" data-id=\"34b10a7d\" data-element_type=\"section\">\n\t\t\t\t\t\t<div class=\"elementor-container elementor-column-gap-default\">\n\t\t\t\t\t<div class=\"elementor-column elementor-col-16 elementor-top-column elementor-element elementor-element-2cd75e05\" data-id=\"2cd75e05\" data-element_type=\"column\">\n\t\t\t<div class=\"elementor-widget-wrap\">\n\t\t\t\t\t\t\t\t\t<\/div>\n\t\t<\/div>\n\t\t\t\t<div class=\"elementor-column elementor-col-66 elementor-top-column elementor-element elementor-element-716289da\" data-id=\"716289da\" data-element_type=\"column\">\n\t\t\t<div class=\"elementor-widget-wrap elementor-element-populated\">\n\t\t\t\t\t\t\t\t<div class=\"elementor-element elementor-element-7c6957e4 elementor-widget elementor-widget-spacer\" data-id=\"7c6957e4\" data-element_type=\"widget\" data-widget_type=\"spacer.default\">\n\t\t\t\t<div class=\"elementor-widget-container\">\n\t\t\t\t\t<div class=\"elementor-spacer\">\n\t\t\t<div class=\"elementor-spacer-inner\"><\/div>\n\t\t<\/div>\n\t\t\t\t<\/div>\n\t\t\t\t<\/div>\n\t\t\t\t<div class=\"elementor-element elementor-element-4262b2e6 elementor-widget elementor-widget-text-editor\" data-id=\"4262b2e6\" data-element_type=\"widget\" data-widget_type=\"text-editor.default\">\n\t\t\t\t<div class=\"elementor-widget-container\">\n\t\t\t\t\t\t\t<h5>\ud83d\udcccEl Presidente de la Comisi\u00f3n Estatal de los Derechos Humanos de Chiapas, Mtro. Horacio Culebro Borrayas, asisti\u00f3 como invitado a la celebraci\u00f3n por el 23 aniversario de la Sala Regional de Chiapas del Tribunal Federal de Justicia Administrativa, evento realizado en las instalaciones de la Facultad Libre de Derecho de Chiapas, con domicilio en esta ciudad capital.<\/h5><h5><br \/>Posterior al acto protocolario, el Ombudsperson fue testigo de la develaci\u00f3n de una placa conmemorativa con motivo de este acontecimiento.<br \/>Con estas acciones, la CEDH de Chiapas manifiesta su compromiso de mantener una cercan\u00eda constante con las autoridades de impartici\u00f3n de justicia en materia administrativa, siempre con el enfoque en la vigilancia del respeto a los derechos humanos.<\/h5><h5><br \/>#CEDHChiapas #DerechosHumanos #Chiapas #TuxtlaGuti\u00e9rrez #JusticiaAdministrativa #Compromiso #Instituciones #TrabajoEnEquipo #Respeto #Legalidad @seguidores @fandestacado<\/h5>\t\t\t\t\t\t<\/div>\n\t\t\t\t<\/div>\n\t\t\t\t<div class=\"elementor-element elementor-element-2501b9ff elementor-arrows-position-inside elementor-widget elementor-widget-image-carousel\" data-id=\"2501b9ff\" data-element_type=\"widget\" data-settings=\"{&quot;slides_to_show&quot;:&quot;1&quot;,&quot;navigation&quot;:&quot;arrows&quot;,&quot;autoplay&quot;:&quot;yes&quot;,&quot;pause_on_hover&quot;:&quot;yes&quot;,&quot;pause_on_interaction&quot;:&quot;yes&quot;,&quot;autoplay_speed&quot;:5000,&quot;infinite&quot;:&quot;yes&quot;,&quot;effect&quot;:&quot;slide&quot;,&quot;speed&quot;:500}\" data-widget_type=\"image-carousel.default\">\n\t\t\t\t<div class=\"elementor-widget-container\">\n\t\t\t\t\t<div class=\"elementor-image-carousel-wrapper swiper-container\" dir=\"ltr\">\n\t\t\t<div class=\"elementor-image-carousel swiper-wrapper\" aria-live=\"off\">\n\t\t\t\t\t\t\t\t<div class=\"swiper-slide\" role=\"group\" aria-roledescription=\"slide\" aria-label=\"1 de 6\"><figure class=\"swiper-slide-inner\"><img decoding=\"async\" class=\"swiper-slide-image\" src=\"https:\/\/cedhchiapas.org\/cedh\/wp-content\/uploads\/2026\/03\/WhatsApp-Image-2026-03-27-at-1.10.40-PM-1.jpeg\" alt=\"WhatsApp Image 2026-03-27 at 1.10.40 PM (1)\" \/><\/figure><\/div><div class=\"swiper-slide\" role=\"group\" aria-roledescription=\"slide\" aria-label=\"2 de 6\"><figure class=\"swiper-slide-inner\"><img decoding=\"async\" class=\"swiper-slide-image\" src=\"https:\/\/cedhchiapas.org\/cedh\/wp-content\/uploads\/2026\/03\/WhatsApp-Image-2026-03-27-at-1.10.41-PM-1.jpeg\" alt=\"WhatsApp Image 2026-03-27 at 1.10.41 PM (1)\" \/><\/figure><\/div><div class=\"swiper-slide\" role=\"group\" aria-roledescription=\"slide\" aria-label=\"3 de 6\"><figure class=\"swiper-slide-inner\"><img decoding=\"async\" class=\"swiper-slide-image\" src=\"https:\/\/cedhchiapas.org\/cedh\/wp-content\/uploads\/2026\/03\/WhatsApp-Image-2026-03-27-at-1.10.41-PM.jpeg\" alt=\"WhatsApp Image 2026-03-27 at 1.10.41 PM\" \/><\/figure><\/div><div class=\"swiper-slide\" role=\"group\" aria-roledescription=\"slide\" aria-label=\"4 de 6\"><figure class=\"swiper-slide-inner\"><img decoding=\"async\" class=\"swiper-slide-image\" src=\"https:\/\/cedhchiapas.org\/cedh\/wp-content\/uploads\/2026\/03\/WhatsApp-Image-2026-03-27-at-1.10.40-PM-2.jpeg\" alt=\"WhatsApp Image 2026-03-27 at 1.10.40 PM (2)\" \/><\/figure><\/div><div class=\"swiper-slide\" role=\"group\" aria-roledescription=\"slide\" aria-label=\"5 de 6\"><figure class=\"swiper-slide-inner\"><img decoding=\"async\" class=\"swiper-slide-image\" src=\"https:\/\/cedhchiapas.org\/cedh\/wp-content\/uploads\/2026\/03\/WhatsApp-Image-2026-03-27-at-1.10.40-PM.jpeg\" alt=\"WhatsApp Image 2026-03-27 at 1.10.40 PM\" \/><\/figure><\/div><div class=\"swiper-slide\" role=\"group\" aria-roledescription=\"slide\" aria-label=\"6 de 6\"><figure class=\"swiper-slide-inner\"><img decoding=\"async\" class=\"swiper-slide-image\" src=\"https:\/\/cedhchiapas.org\/cedh\/wp-content\/uploads\/2026\/03\/WhatsApp-Image-2026-03-27-at-1.10.41-PM-2.jpeg\" alt=\"WhatsApp Image 2026-03-27 at 1.10.41 PM (2)\" \/><\/figure><\/div>\t\t\t<\/div>\n\t\t\t\t\t\t\t\t\t\t\t\t<div class=\"elementor-swiper-button elementor-swiper-button-prev\" role=\"button\" tabindex=\"0\">\n\t\t\t\t\t\t<i aria-hidden=\"true\" class=\"eicon-chevron-left\"><\/i>\t\t\t\t\t<\/div>\n\t\t\t\t\t<div class=\"elementor-swiper-button elementor-swiper-button-next\" role=\"button\" tabindex=\"0\">\n\t\t\t\t\t\t<i aria-hidden=\"true\" class=\"eicon-chevron-right\"><\/i>\t\t\t\t\t<\/div>\n\t\t\t\t\n\t\t\t\t\t\t\t\t\t<\/div>\n\t\t\t\t<\/div>\n\t\t\t\t<\/div>\n\t\t\t\t\t<\/div>\n\t\t<\/div>\n\t\t\t\t<div class=\"elementor-column elementor-col-16 elementor-top-column elementor-element elementor-element-391892ec\" data-id=\"391892ec\" data-element_type=\"column\">\n\t\t\t<div class=\"elementor-widget-wrap\">\n\t\t\t\t\t\t\t\t\t<\/div>\n\t\t<\/div>\n\t\t\t\t\t\t\t<\/div>\n\t\t<\/section>\n\t\t\t\t\t\t\t<\/div>\n\t\t","protected":false},"excerpt":{"rendered":"<p>\ud83d\udcccEl Presidente de la Comisi\u00f3n Estatal de los Derechos Humanos de Chiapas, Mtro. Horacio Culebro Borrayas, asisti\u00f3 como invitado a la celebraci\u00f3n por el 23 aniversario de la Sala Regional<\/p>\n","protected":false},"author":6,"featured_media":14336,"comment_status":"closed","ping_status":"open","sticky":false,"template":"","format":"standard","meta":{"_jetpack_memberships_contains_paid_content":false,"footnotes":""},"categories":[1,87],"tags":[],"jetpack_sharing_enabled":true,"jetpack_featured_media_url":"https:\/\/cedhchiapas.org\/cedh\/wp-content\/uploads\/2026\/03\/WhatsApp-Image-2026-03-27-at-1.10.41-PM-2.jpeg","_links":{"self":[{"href":"https:\/\/cedhchiapas.org\/cedh\/wp-json\/wp\/v2\/posts\/14334"}],"collection":[{"href":"https:\/\/cedhchiapas.org\/cedh\/wp-json\/wp\/v2\/posts"}],"about":[{"href":"https:\/\/cedhchiapas.org\/cedh\/wp-json\/wp\/v2\/types\/post"}],"author":[{"embeddable":true,"href":"https:\/\/cedhchiapas.org\/cedh\/wp-json\/wp\/v2\/users\/6"}],"replies":[{"embeddable":true,"href":"https:\/\/cedhchiapas.org\/cedh\/wp-json\/wp\/v2\/comments?post=14334"}],"version-history":[{"count":4,"href":"https:\/\/cedhchiapas.org\/cedh\/wp-json\/wp\/v2\/posts\/14334\/revisions"}],"predecessor-version":[{"id":14344,"href":"https:\/\/cedhchiapas.org\/cedh\/wp-json\/wp\/v2\/posts\/14334\/revisions\/14344"}],"wp:featuredmedia":[{"embeddable":true,"href":"https:\/\/cedhchiapas.org\/cedh\/wp-json\/wp\/v2\/media\/14336"}],"wp:attachment":[{"href":"https:\/\/cedhchiapas.org\/cedh\/wp-json\/wp\/v2\/media?parent=14334"}],"wp:term":[{"taxonomy":"category","embeddable":true,"href":"https:\/\/cedhchiapas.org\/cedh\/wp-json\/wp\/v2\/categories?post=14334"},{"taxonomy":"post_tag","embeddable":true,"href":"https:\/\/cedhchiapas.org\/cedh\/wp-json\/wp\/v2\/tags?post=14334"}],"curies":[{"name":"wp","href":"https:\/\/api.w.org\/{rel}","templated":true}]}}