{"id":14143,"date":"2026-03-09T08:13:13","date_gmt":"2026-03-09T14:13:13","guid":{"rendered":"https:\/\/cedhchiapas.org\/cedh\/?p=14143"},"modified":"2026-03-09T08:16:24","modified_gmt":"2026-03-09T14:16:24","slug":"%f0%9f%93%8c%f0%9f%93%b2-la-comision-estatal-de-los-derechos-humanos-de-chiapas-participo-en-la-marcha-efectuada-este-domingo-por-la-avenida-principal-de-tuxtla-gutierrez-para-conmemorar-el-dia-de-la","status":"publish","type":"post","link":"https:\/\/cedhchiapas.org\/cedh\/%f0%9f%93%8c%f0%9f%93%b2-la-comision-estatal-de-los-derechos-humanos-de-chiapas-participo-en-la-marcha-efectuada-este-domingo-por-la-avenida-principal-de-tuxtla-gutierrez-para-conmemorar-el-dia-de-la\/","title":{"rendered":"\ud83d\udccc\ud83d\udcf2 La Comisi\u00f3n Estatal de los Derechos Humanos de Chiapas particip\u00f3 en la marcha efectuada este domingo por la avenida principal de Tuxtla Guti\u00e9rrez, para conmemorar el D\u00eda de la Mujer, al igual que en varias ciudades de M\u00e9xico y de otros pa\u00edses."},"content":{"rendered":"\t\t<div data-elementor-type=\"wp-post\" data-elementor-id=\"14143\" class=\"elementor elementor-14143\">\n\t\t\t\t\t\t\t\t\t<section class=\"elementor-section elementor-top-section elementor-element elementor-element-3b78bc4b elementor-section-boxed elementor-section-height-default elementor-section-height-default wpr-particle-no wpr-sticky-section-no\" data-id=\"3b78bc4b\" data-element_type=\"section\">\n\t\t\t\t\t\t<div class=\"elementor-container elementor-column-gap-default\">\n\t\t\t\t\t<div class=\"elementor-column elementor-col-16 elementor-top-column elementor-element elementor-element-6ab737a2\" data-id=\"6ab737a2\" data-element_type=\"column\">\n\t\t\t<div class=\"elementor-widget-wrap\">\n\t\t\t\t\t\t\t\t\t<\/div>\n\t\t<\/div>\n\t\t\t\t<div class=\"elementor-column elementor-col-66 elementor-top-column elementor-element elementor-element-791000f0\" data-id=\"791000f0\" data-element_type=\"column\">\n\t\t\t<div class=\"elementor-widget-wrap elementor-element-populated\">\n\t\t\t\t\t\t\t\t<div class=\"elementor-element elementor-element-1e6bf1b7 elementor-widget elementor-widget-spacer\" data-id=\"1e6bf1b7\" data-element_type=\"widget\" data-widget_type=\"spacer.default\">\n\t\t\t\t<div class=\"elementor-widget-container\">\n\t\t\t\t\t<div class=\"elementor-spacer\">\n\t\t\t<div class=\"elementor-spacer-inner\"><\/div>\n\t\t<\/div>\n\t\t\t\t<\/div>\n\t\t\t\t<\/div>\n\t\t\t\t<div class=\"elementor-element elementor-element-38bd632f elementor-widget elementor-widget-text-editor\" data-id=\"38bd632f\" data-element_type=\"widget\" data-widget_type=\"text-editor.default\">\n\t\t\t\t<div class=\"elementor-widget-container\">\n\t\t\t\t\t\t\t<h5>\ud83d\udccc\ud83d\udcf2 La Comisi\u00f3n Estatal de los Derechos Humanos de Chiapas particip\u00f3 en la marcha efectuada este domingo por la avenida principal de Tuxtla Guti\u00e9rrez, para conmemorar el D\u00eda de la Mujer, al igual que en varias ciudades de M\u00e9xico y de otros pa\u00edses.<\/h5><h5>Personal de la Visitadur\u00eda General Especializada en Atenci\u00f3n de Asuntos de la Mujer de este organismo lleg\u00f3 al punto de partida del recorrido con tiempo de anticipaci\u00f3n e hizo presencia a lo largo de la marcha, con el objetivo de vigilar que se respeten los derechos humanos de las personas participantes.<\/h5><h5><br \/>Con estas acciones , la CEDH de Chiapas manifiesta su firme compromiso de estar siempre cerca de los grupos que se manifiestan por el respeto a sus derechos \u270a\ud83d\udc9c y la petici\u00f3n de justicia ante las autoridades correspondientes \u2696\ufe0f.<\/h5><h5><br \/>#8M #D\u00edaInternacionalDeLaMujer #DerechosHumanos #Chiapas #TuxtlaGuti\u00e9rrez #Igualdad #Justicia<\/h5>\t\t\t\t\t\t<\/div>\n\t\t\t\t<\/div>\n\t\t\t\t<div class=\"elementor-element elementor-element-35e3aa64 elementor-arrows-position-inside elementor-widget elementor-widget-image-carousel\" data-id=\"35e3aa64\" data-element_type=\"widget\" data-settings=\"{&quot;slides_to_show&quot;:&quot;1&quot;,&quot;navigation&quot;:&quot;arrows&quot;,&quot;autoplay&quot;:&quot;yes&quot;,&quot;pause_on_hover&quot;:&quot;yes&quot;,&quot;pause_on_interaction&quot;:&quot;yes&quot;,&quot;autoplay_speed&quot;:5000,&quot;infinite&quot;:&quot;yes&quot;,&quot;effect&quot;:&quot;slide&quot;,&quot;speed&quot;:500}\" data-widget_type=\"image-carousel.default\">\n\t\t\t\t<div class=\"elementor-widget-container\">\n\t\t\t\t\t<div class=\"elementor-image-carousel-wrapper swiper-container\" dir=\"ltr\">\n\t\t\t<div class=\"elementor-image-carousel swiper-wrapper\" aria-live=\"off\">\n\t\t\t\t\t\t\t\t<div class=\"swiper-slide\" role=\"group\" aria-roledescription=\"slide\" aria-label=\"1 de 4\"><figure class=\"swiper-slide-inner\"><img decoding=\"async\" class=\"swiper-slide-image\" src=\"https:\/\/cedhchiapas.org\/cedh\/wp-content\/uploads\/2026\/03\/648933288_1368295695333867_8791778459162331146_n.jpg\" alt=\"648933288_1368295695333867_8791778459162331146_n\" \/><\/figure><\/div><div class=\"swiper-slide\" role=\"group\" aria-roledescription=\"slide\" aria-label=\"2 de 4\"><figure class=\"swiper-slide-inner\"><img decoding=\"async\" class=\"swiper-slide-image\" src=\"https:\/\/cedhchiapas.org\/cedh\/wp-content\/uploads\/2026\/03\/647488034_1368295688667201_2797297582213534023_n.jpg\" alt=\"647488034_1368295688667201_2797297582213534023_n\" \/><\/figure><\/div><div class=\"swiper-slide\" role=\"group\" aria-roledescription=\"slide\" aria-label=\"3 de 4\"><figure class=\"swiper-slide-inner\"><img decoding=\"async\" class=\"swiper-slide-image\" src=\"https:\/\/cedhchiapas.org\/cedh\/wp-content\/uploads\/2026\/03\/649661399_1368295668667203_180666207289244054_n.jpg\" alt=\"649661399_1368295668667203_180666207289244054_n\" \/><\/figure><\/div><div class=\"swiper-slide\" role=\"group\" aria-roledescription=\"slide\" aria-label=\"4 de 4\"><figure class=\"swiper-slide-inner\"><img decoding=\"async\" class=\"swiper-slide-image\" src=\"https:\/\/cedhchiapas.org\/cedh\/wp-content\/uploads\/2026\/03\/649662109_1368295635333873_3420724602413571734_n.jpg\" alt=\"649662109_1368295635333873_3420724602413571734_n\" \/><\/figure><\/div>\t\t\t<\/div>\n\t\t\t\t\t\t\t\t\t\t\t\t<div class=\"elementor-swiper-button elementor-swiper-button-prev\" role=\"button\" tabindex=\"0\">\n\t\t\t\t\t\t<i aria-hidden=\"true\" class=\"eicon-chevron-left\"><\/i>\t\t\t\t\t<\/div>\n\t\t\t\t\t<div class=\"elementor-swiper-button elementor-swiper-button-next\" role=\"button\" tabindex=\"0\">\n\t\t\t\t\t\t<i aria-hidden=\"true\" class=\"eicon-chevron-right\"><\/i>\t\t\t\t\t<\/div>\n\t\t\t\t\n\t\t\t\t\t\t\t\t\t<\/div>\n\t\t\t\t<\/div>\n\t\t\t\t<\/div>\n\t\t\t\t\t<\/div>\n\t\t<\/div>\n\t\t\t\t<div class=\"elementor-column elementor-col-16 elementor-top-column elementor-element elementor-element-78660ccd\" data-id=\"78660ccd\" data-element_type=\"column\">\n\t\t\t<div class=\"elementor-widget-wrap\">\n\t\t\t\t\t\t\t\t\t<\/div>\n\t\t<\/div>\n\t\t\t\t\t\t\t<\/div>\n\t\t<\/section>\n\t\t\t\t\t\t\t<\/div>\n\t\t","protected":false},"excerpt":{"rendered":"<p>\ud83d\udccc\ud83d\udcf2 La Comisi\u00f3n Estatal de los Derechos Humanos de Chiapas particip\u00f3 en la marcha efectuada este domingo por la avenida principal de Tuxtla Guti\u00e9rrez, para conmemorar el D\u00eda de la<\/p>\n","protected":false},"author":6,"featured_media":14148,"comment_status":"closed","ping_status":"open","sticky":false,"template":"","format":"standard","meta":{"_jetpack_memberships_contains_paid_content":false,"footnotes":""},"categories":[1,87],"tags":[],"jetpack_sharing_enabled":true,"jetpack_featured_media_url":"https:\/\/cedhchiapas.org\/cedh\/wp-content\/uploads\/2026\/03\/649662109_1368295635333873_3420724602413571734_n.jpg","_links":{"self":[{"href":"https:\/\/cedhchiapas.org\/cedh\/wp-json\/wp\/v2\/posts\/14143"}],"collection":[{"href":"https:\/\/cedhchiapas.org\/cedh\/wp-json\/wp\/v2\/posts"}],"about":[{"href":"https:\/\/cedhchiapas.org\/cedh\/wp-json\/wp\/v2\/types\/post"}],"author":[{"embeddable":true,"href":"https:\/\/cedhchiapas.org\/cedh\/wp-json\/wp\/v2\/users\/6"}],"replies":[{"embeddable":true,"href":"https:\/\/cedhchiapas.org\/cedh\/wp-json\/wp\/v2\/comments?post=14143"}],"version-history":[{"count":4,"href":"https:\/\/cedhchiapas.org\/cedh\/wp-json\/wp\/v2\/posts\/14143\/revisions"}],"predecessor-version":[{"id":14151,"href":"https:\/\/cedhchiapas.org\/cedh\/wp-json\/wp\/v2\/posts\/14143\/revisions\/14151"}],"wp:featuredmedia":[{"embeddable":true,"href":"https:\/\/cedhchiapas.org\/cedh\/wp-json\/wp\/v2\/media\/14148"}],"wp:attachment":[{"href":"https:\/\/cedhchiapas.org\/cedh\/wp-json\/wp\/v2\/media?parent=14143"}],"wp:term":[{"taxonomy":"category","embeddable":true,"href":"https:\/\/cedhchiapas.org\/cedh\/wp-json\/wp\/v2\/categories?post=14143"},{"taxonomy":"post_tag","embeddable":true,"href":"https:\/\/cedhchiapas.org\/cedh\/wp-json\/wp\/v2\/tags?post=14143"}],"curies":[{"name":"wp","href":"https:\/\/api.w.org\/{rel}","templated":true}]}}