{"id":14135,"date":"2026-03-06T13:58:37","date_gmt":"2026-03-06T19:58:37","guid":{"rendered":"https:\/\/cedhchiapas.org\/cedh\/?p=14135"},"modified":"2026-03-06T14:00:23","modified_gmt":"2026-03-06T20:00:23","slug":"%f0%9f%93%8c%f0%9f%93%b2en-el-marco-de-la-inauguracion-de-la-expo-tapachula-2026-celebrada-en-la-ciudad-de-tapachula-el-gobernador-de-chiapas-eduardo-ramirez-aguilar-sostuvo-un-encuentro-con-el-pr","status":"publish","type":"post","link":"https:\/\/cedhchiapas.org\/cedh\/%f0%9f%93%8c%f0%9f%93%b2en-el-marco-de-la-inauguracion-de-la-expo-tapachula-2026-celebrada-en-la-ciudad-de-tapachula-el-gobernador-de-chiapas-eduardo-ramirez-aguilar-sostuvo-un-encuentro-con-el-pr\/","title":{"rendered":"\ud83d\udccc\ud83d\udcf2En el marco de la inauguraci\u00f3n de la Expo Tapachula 2026, celebrada en la ciudad de Tapachula, el gobernador de Chiapas, Eduardo Ram\u00edrez Aguilar, sostuvo un encuentro con el presidente de la Comisi\u00f3n Estatal de los Derechos Humanos de Chiapas, Mtro. Horacio Culebro Borrayas, a quien felicit\u00f3 por la presentaci\u00f3n de su Primer Informe de Actividades."},"content":{"rendered":"\t\t<div data-elementor-type=\"wp-post\" data-elementor-id=\"14135\" class=\"elementor elementor-14135\">\n\t\t\t\t\t\t\t\t\t<section class=\"elementor-section elementor-top-section elementor-element elementor-element-4e066c50 elementor-section-boxed elementor-section-height-default elementor-section-height-default wpr-particle-no wpr-sticky-section-no\" data-id=\"4e066c50\" data-element_type=\"section\">\n\t\t\t\t\t\t<div class=\"elementor-container elementor-column-gap-default\">\n\t\t\t\t\t<div class=\"elementor-column elementor-col-16 elementor-top-column elementor-element elementor-element-7d2230ec\" data-id=\"7d2230ec\" data-element_type=\"column\">\n\t\t\t<div class=\"elementor-widget-wrap\">\n\t\t\t\t\t\t\t\t\t<\/div>\n\t\t<\/div>\n\t\t\t\t<div class=\"elementor-column elementor-col-66 elementor-top-column elementor-element elementor-element-33406fc6\" data-id=\"33406fc6\" data-element_type=\"column\">\n\t\t\t<div class=\"elementor-widget-wrap elementor-element-populated\">\n\t\t\t\t\t\t\t\t<div class=\"elementor-element elementor-element-2bdefeff elementor-widget elementor-widget-spacer\" data-id=\"2bdefeff\" data-element_type=\"widget\" data-widget_type=\"spacer.default\">\n\t\t\t\t<div class=\"elementor-widget-container\">\n\t\t\t\t\t<div class=\"elementor-spacer\">\n\t\t\t<div class=\"elementor-spacer-inner\"><\/div>\n\t\t<\/div>\n\t\t\t\t<\/div>\n\t\t\t\t<\/div>\n\t\t\t\t<div class=\"elementor-element elementor-element-2067a4cb elementor-widget elementor-widget-text-editor\" data-id=\"2067a4cb\" data-element_type=\"widget\" data-widget_type=\"text-editor.default\">\n\t\t\t\t<div class=\"elementor-widget-container\">\n\t\t\t\t\t\t\t<h5>\ud83d\udccc\ud83d\udcf2En el marco de la inauguraci\u00f3n de la Expo Tapachula 2026, celebrada en la ciudad de Tapachula, el gobernador de Chiapas, Eduardo Ram\u00edrez Aguilar, sostuvo un encuentro con el presidente de la Comisi\u00f3n Estatal de los Derechos Humanos de Chiapas, Mtro. Horacio Culebro Borrayas, a quien felicit\u00f3 por la presentaci\u00f3n de su Primer Informe de Actividades.<\/h5><h5><br \/>Durante el saludo, el mandatario estatal reconoci\u00f3 el trabajo realizado por el organismo defensor de los derechos humanos en favor de la ciudadan\u00eda chiapaneca, destacando la importancia de fortalecer las instituciones que promueven la dignidad, la justicia y el respeto a los derechos fundamentales.<\/h5><h5><br \/>#CEDHChiapas #ExpoTapachula2026 #DerechosHumanos #Chiapas #InformeDeActividades #TrabajoInstitucional #Justicia #Dignidad #Respeto #derechosparatodasytodos @seguidores @fans destacados<\/h5>\t\t\t\t\t\t<\/div>\n\t\t\t\t<\/div>\n\t\t\t\t<div class=\"elementor-element elementor-element-211f6b6 elementor-arrows-position-inside elementor-widget elementor-widget-image-carousel\" data-id=\"211f6b6\" data-element_type=\"widget\" data-settings=\"{&quot;slides_to_show&quot;:&quot;1&quot;,&quot;navigation&quot;:&quot;arrows&quot;,&quot;autoplay&quot;:&quot;yes&quot;,&quot;pause_on_hover&quot;:&quot;yes&quot;,&quot;pause_on_interaction&quot;:&quot;yes&quot;,&quot;autoplay_speed&quot;:5000,&quot;infinite&quot;:&quot;yes&quot;,&quot;effect&quot;:&quot;slide&quot;,&quot;speed&quot;:500}\" data-widget_type=\"image-carousel.default\">\n\t\t\t\t<div class=\"elementor-widget-container\">\n\t\t\t\t\t<div class=\"elementor-image-carousel-wrapper swiper-container\" dir=\"ltr\">\n\t\t\t<div class=\"elementor-image-carousel swiper-wrapper\" aria-live=\"off\">\n\t\t\t\t\t\t\t\t<div class=\"swiper-slide\" role=\"group\" aria-roledescription=\"slide\" aria-label=\"1 de 2\"><figure class=\"swiper-slide-inner\"><img decoding=\"async\" class=\"swiper-slide-image\" src=\"https:\/\/cedhchiapas.org\/cedh\/wp-content\/uploads\/2026\/03\/648485234_1366161718880598_2282168535767102129_n.jpg\" alt=\"648485234_1366161718880598_2282168535767102129_n\" \/><\/figure><\/div><div class=\"swiper-slide\" role=\"group\" aria-roledescription=\"slide\" aria-label=\"2 de 2\"><figure class=\"swiper-slide-inner\"><img decoding=\"async\" class=\"swiper-slide-image\" src=\"https:\/\/cedhchiapas.org\/cedh\/wp-content\/uploads\/2026\/03\/647299155_1366161708880599_7627042491899134341_n.jpg\" alt=\"647299155_1366161708880599_7627042491899134341_n\" \/><\/figure><\/div>\t\t\t<\/div>\n\t\t\t\t\t\t\t\t\t\t\t\t<div class=\"elementor-swiper-button elementor-swiper-button-prev\" role=\"button\" tabindex=\"0\">\n\t\t\t\t\t\t<i aria-hidden=\"true\" class=\"eicon-chevron-left\"><\/i>\t\t\t\t\t<\/div>\n\t\t\t\t\t<div class=\"elementor-swiper-button elementor-swiper-button-next\" role=\"button\" tabindex=\"0\">\n\t\t\t\t\t\t<i aria-hidden=\"true\" class=\"eicon-chevron-right\"><\/i>\t\t\t\t\t<\/div>\n\t\t\t\t\n\t\t\t\t\t\t\t\t\t<\/div>\n\t\t\t\t<\/div>\n\t\t\t\t<\/div>\n\t\t\t\t\t<\/div>\n\t\t<\/div>\n\t\t\t\t<div class=\"elementor-column elementor-col-16 elementor-top-column elementor-element elementor-element-6ec30169\" data-id=\"6ec30169\" data-element_type=\"column\">\n\t\t\t<div class=\"elementor-widget-wrap\">\n\t\t\t\t\t\t\t\t\t<\/div>\n\t\t<\/div>\n\t\t\t\t\t\t\t<\/div>\n\t\t<\/section>\n\t\t\t\t\t\t\t<\/div>\n\t\t","protected":false},"excerpt":{"rendered":"<p>\ud83d\udccc\ud83d\udcf2En el marco de la inauguraci\u00f3n de la Expo Tapachula 2026, celebrada en la ciudad de Tapachula, el gobernador de Chiapas, Eduardo Ram\u00edrez Aguilar, sostuvo un encuentro con el presidente<\/p>\n","protected":false},"author":6,"featured_media":14138,"comment_status":"closed","ping_status":"open","sticky":false,"template":"","format":"standard","meta":{"_jetpack_memberships_contains_paid_content":false,"footnotes":""},"categories":[1,87],"tags":[],"jetpack_sharing_enabled":true,"jetpack_featured_media_url":"https:\/\/cedhchiapas.org\/cedh\/wp-content\/uploads\/2026\/03\/647299155_1366161708880599_7627042491899134341_n.jpg","_links":{"self":[{"href":"https:\/\/cedhchiapas.org\/cedh\/wp-json\/wp\/v2\/posts\/14135"}],"collection":[{"href":"https:\/\/cedhchiapas.org\/cedh\/wp-json\/wp\/v2\/posts"}],"about":[{"href":"https:\/\/cedhchiapas.org\/cedh\/wp-json\/wp\/v2\/types\/post"}],"author":[{"embeddable":true,"href":"https:\/\/cedhchiapas.org\/cedh\/wp-json\/wp\/v2\/users\/6"}],"replies":[{"embeddable":true,"href":"https:\/\/cedhchiapas.org\/cedh\/wp-json\/wp\/v2\/comments?post=14135"}],"version-history":[{"count":4,"href":"https:\/\/cedhchiapas.org\/cedh\/wp-json\/wp\/v2\/posts\/14135\/revisions"}],"predecessor-version":[{"id":14141,"href":"https:\/\/cedhchiapas.org\/cedh\/wp-json\/wp\/v2\/posts\/14135\/revisions\/14141"}],"wp:featuredmedia":[{"embeddable":true,"href":"https:\/\/cedhchiapas.org\/cedh\/wp-json\/wp\/v2\/media\/14138"}],"wp:attachment":[{"href":"https:\/\/cedhchiapas.org\/cedh\/wp-json\/wp\/v2\/media?parent=14135"}],"wp:term":[{"taxonomy":"category","embeddable":true,"href":"https:\/\/cedhchiapas.org\/cedh\/wp-json\/wp\/v2\/categories?post=14135"},{"taxonomy":"post_tag","embeddable":true,"href":"https:\/\/cedhchiapas.org\/cedh\/wp-json\/wp\/v2\/tags?post=14135"}],"curies":[{"name":"wp","href":"https:\/\/api.w.org\/{rel}","templated":true}]}}