{"id":13950,"date":"2026-02-23T16:32:57","date_gmt":"2026-02-23T22:32:57","guid":{"rendered":"https:\/\/cedhchiapas.org\/cedh\/?p=13950"},"modified":"2026-02-23T16:34:10","modified_gmt":"2026-02-23T22:34:10","slug":"%f0%9f%93%b2%f0%9f%93%8cel-presidente-de-la-cedh-chiapas-mtro-horacio-culebro-borrayas-realizo-una-visita-institucional-a-las-oficinas-de-la-representacion-en-chiapas-del-registro-agrario-nacional","status":"publish","type":"post","link":"https:\/\/cedhchiapas.org\/cedh\/%f0%9f%93%b2%f0%9f%93%8cel-presidente-de-la-cedh-chiapas-mtro-horacio-culebro-borrayas-realizo-una-visita-institucional-a-las-oficinas-de-la-representacion-en-chiapas-del-registro-agrario-nacional\/","title":{"rendered":"\ud83d\udcf2\ud83d\udcccEl presidente de la CEDH Chiapas, Mtro. Horacio Culebro Borrayas, realiz\u00f3 una visita institucional a las oficinas de la Representaci\u00f3n en Chiapas del Registro Agrario Nacional (RAN)"},"content":{"rendered":"\t\t<div data-elementor-type=\"wp-post\" data-elementor-id=\"13950\" class=\"elementor elementor-13950\">\n\t\t\t\t\t\t\t\t\t<section class=\"elementor-section elementor-top-section elementor-element elementor-element-e473ce7 elementor-section-boxed elementor-section-height-default elementor-section-height-default wpr-particle-no wpr-sticky-section-no\" data-id=\"e473ce7\" data-element_type=\"section\">\n\t\t\t\t\t\t<div class=\"elementor-container elementor-column-gap-default\">\n\t\t\t\t\t<div class=\"elementor-column elementor-col-16 elementor-top-column elementor-element elementor-element-773d2c56\" data-id=\"773d2c56\" data-element_type=\"column\">\n\t\t\t<div class=\"elementor-widget-wrap\">\n\t\t\t\t\t\t\t\t\t<\/div>\n\t\t<\/div>\n\t\t\t\t<div class=\"elementor-column elementor-col-66 elementor-top-column elementor-element elementor-element-1f2cb7ca\" data-id=\"1f2cb7ca\" data-element_type=\"column\">\n\t\t\t<div class=\"elementor-widget-wrap elementor-element-populated\">\n\t\t\t\t\t\t\t\t<div class=\"elementor-element elementor-element-7e46f0b6 elementor-widget elementor-widget-spacer\" data-id=\"7e46f0b6\" data-element_type=\"widget\" data-widget_type=\"spacer.default\">\n\t\t\t\t<div class=\"elementor-widget-container\">\n\t\t\t\t\t<div class=\"elementor-spacer\">\n\t\t\t<div class=\"elementor-spacer-inner\"><\/div>\n\t\t<\/div>\n\t\t\t\t<\/div>\n\t\t\t\t<\/div>\n\t\t\t\t<div class=\"elementor-element elementor-element-75901d98 elementor-widget elementor-widget-text-editor\" data-id=\"75901d98\" data-element_type=\"widget\" data-widget_type=\"text-editor.default\">\n\t\t\t\t<div class=\"elementor-widget-container\">\n\t\t\t\t\t\t\t<h5>\ud83d\udcf2\ud83d\udcccEl presidente de la CEDH Chiapas, Mtro. Horacio Culebro Borrayas, realiz\u00f3 una visita institucional a las oficinas de la Representaci\u00f3n en Chiapas del Registro Agrario Nacional (RAN), con el prop\u00f3sito de dar seguimiento a diversos asuntos agrarios que se presentan en la regi\u00f3n.<br \/>Esta reuni\u00f3n de trabajo tuvo como objetivo fortalecer la coordinaci\u00f3n interinstitucional para atender de manera preventiva posibles vulneraciones a los derechos humanos derivadas de conflictos agrarios, privilegiando en todo momento el di\u00e1logo y la construcci\u00f3n de acuerdos entre las partes involucradas.<br \/>Durante el encuentro, se refrend\u00f3 la importancia de generar mecanismos de comunicaci\u00f3n permanentes que permitan coadyuvar en la soluci\u00f3n pac\u00edfica de controversias relacionadas con la tenencia de la tierra, brindando certeza jur\u00eddica y garantizando el respeto a los derechos fundamentales de ejidatarios, comuneros y habitantes de las comunidades.<br \/>#CEDHChiapas #DerechosHumanos #TrabajoInterinstitucional #ConflictosAgrarios #CertezaJuridica #Chiapas #destacar @fans destacados<\/h5>\t\t\t\t\t\t<\/div>\n\t\t\t\t<\/div>\n\t\t\t\t<div class=\"elementor-element elementor-element-61b8e2bd elementor-arrows-position-inside elementor-widget elementor-widget-image-carousel\" data-id=\"61b8e2bd\" data-element_type=\"widget\" data-settings=\"{&quot;slides_to_show&quot;:&quot;1&quot;,&quot;navigation&quot;:&quot;arrows&quot;,&quot;autoplay&quot;:&quot;yes&quot;,&quot;pause_on_hover&quot;:&quot;yes&quot;,&quot;pause_on_interaction&quot;:&quot;yes&quot;,&quot;autoplay_speed&quot;:5000,&quot;infinite&quot;:&quot;yes&quot;,&quot;effect&quot;:&quot;slide&quot;,&quot;speed&quot;:500}\" data-widget_type=\"image-carousel.default\">\n\t\t\t\t<div class=\"elementor-widget-container\">\n\t\t\t\t\t<div class=\"elementor-image-carousel-wrapper swiper-container\" dir=\"ltr\">\n\t\t\t<div class=\"elementor-image-carousel swiper-wrapper\" aria-live=\"off\">\n\t\t\t\t\t\t\t\t<div class=\"swiper-slide\" role=\"group\" aria-roledescription=\"slide\" aria-label=\"1 de 1\"><figure class=\"swiper-slide-inner\"><img decoding=\"async\" class=\"swiper-slide-image\" src=\"https:\/\/cedhchiapas.org\/cedh\/wp-content\/uploads\/2026\/02\/640208473_1354660733364030_8462032992741985892_n.jpg\" alt=\"640208473_1354660733364030_8462032992741985892_n\" \/><\/figure><\/div>\t\t\t<\/div>\n\t\t\t\t\t<\/div>\n\t\t\t\t<\/div>\n\t\t\t\t<\/div>\n\t\t\t\t\t<\/div>\n\t\t<\/div>\n\t\t\t\t<div class=\"elementor-column elementor-col-16 elementor-top-column elementor-element elementor-element-51a268b0\" data-id=\"51a268b0\" data-element_type=\"column\">\n\t\t\t<div class=\"elementor-widget-wrap\">\n\t\t\t\t\t\t\t\t\t<\/div>\n\t\t<\/div>\n\t\t\t\t\t\t\t<\/div>\n\t\t<\/section>\n\t\t\t\t<section class=\"elementor-section elementor-top-section elementor-element elementor-element-e610c8c elementor-section-boxed elementor-section-height-default elementor-section-height-default wpr-particle-no wpr-sticky-section-no\" data-id=\"e610c8c\" data-element_type=\"section\">\n\t\t\t\t\t\t<div class=\"elementor-container elementor-column-gap-default\">\n\t\t\t\t\t<div class=\"elementor-column elementor-col-100 elementor-top-column elementor-element elementor-element-3bf08a8\" data-id=\"3bf08a8\" data-element_type=\"column\">\n\t\t\t<div class=\"elementor-widget-wrap elementor-element-populated\">\n\t\t\t\t\t\t\t\t<div class=\"elementor-element elementor-element-a28b656 elementor-widget elementor-widget-contentviews_widget_list1\" data-id=\"a28b656\" data-element_type=\"widget\" data-widget_type=\"contentviews_widget_list1.default\">\n\t\t\t\t<div class=\"elementor-widget-container\">\n\t\t\t<div class='pt-cv-wrapper'> <h1 class='pt-cv-heading-container heading1' data-blockid='a28b656'><span class='pt-cv-heading'> Encabezado <\/span><\/h1><div class=\"pt-cv-view pt-cv-blockgrid iscvblock iscvelementor list1 layout1\" id=\"pt-cv-view-a28b656\"><div data-id=\"pt-cv-page-1\" class=\"pt-cv-page\" data-cvc=\"1\"><div class=\" pt-cv-content-item pt-cv-2-col\" ><div class=\"pt-cv-thumb-wrapper pull-left \"><a href=\"https:\/\/cedhchiapas.org\/cedh\/%f0%9f%93%8dla-comision-estatal-de-los-derechos-humamos-encabezada-por-el-mtro-horacio-culebro-borryas-a-traves-de-de-la-visitadoria-general-especializada-en-atencion-de-asuntos-indigenas\/\" class=\"_self pt-cv-href-thumbnail pt-cv-thumb-left\" target=\"_self\" ><img loading=\"lazy\" decoding=\"async\" width=\"1024\" height=\"768\" src=\"https:\/\/cedhchiapas.org\/cedh\/wp-content\/uploads\/2026\/04\/WhatsApp-Image-2026-04-25-at-7.54.33-AM-1024x768.jpeg\" class=\"pt-cv-thumbnail pull-left\" alt=\"\" \/><\/a><\/div>\n<div class=\"pt-cv-colwrap\"><div class=\"pt-cv-taxoterm above_title\"><a href='https:\/\/cedhchiapas.org\/cedh\/category\/difusion\/' title='DIFUSI\u00d3N' class='pt-cv-tax-difusion'>DIFUSI\u00d3N<\/a><a href='https:\/\/cedhchiapas.org\/cedh\/category\/novedades\/' title='Novedades' class='pt-cv-tax-novedades'>Novedades<\/a><\/div><h4 class=\"pt-cv-title\"><a href=\"https:\/\/cedhchiapas.org\/cedh\/%f0%9f%93%8dla-comision-estatal-de-los-derechos-humamos-encabezada-por-el-mtro-horacio-culebro-borryas-a-traves-de-de-la-visitadoria-general-especializada-en-atencion-de-asuntos-indigenas\/\" class=\"_self\" target=\"_self\" >\ud83d\udccdLa Comisi\u00f3n Estatal de los Derechos Humamos, encabezada por el Mtro. Horacio Culebro Borryas, a trav\u00e9s de de la Visitadoria General Especializada en Atenci\u00f3n de Asuntos Ind\u00edgenas<\/a><\/h4><div class=\"pt-cv-content\">\ud83d\udccdLa Comisi\u00f3n Estatal de los Derechos Humamos, encabezada por el Mtro. Horacio Culebro Borryas, a trav\u00e9s de de la Visitadoria ...<\/div><div class=\"pt-cv-rmwrap\"><a href=\"https:\/\/cedhchiapas.org\/cedh\/%f0%9f%93%8dla-comision-estatal-de-los-derechos-humamos-encabezada-por-el-mtro-horacio-culebro-borryas-a-traves-de-de-la-visitadoria-general-especializada-en-atencion-de-asuntos-indigenas\/\" class=\"_self pt-cv-readmore btn btn-success\" target=\"_self\" >Leer m\u00e1s<\/a><\/div><div class=\"pt-cv-meta-fields\"><span class=\"entry-date\"> <time datetime=\"2026-04-27T13:46:59-06:00\">27\/04\/2026<\/time><\/span><span> \/ <\/span><span class=\"author\"> <a href=\"https:\/\/cedhchiapas.org\/cedh\/author\/comunicacion\/\" rel=\"author\">comunicacion<\/a><\/span><\/div><\/div><\/div>\n<div class=\" pt-cv-content-item pt-cv-2-col\" ><div class=\"pt-cv-thumb-wrapper pull-left \"><a href=\"https:\/\/cedhchiapas.org\/cedh\/la-comision-estatal-de-los-derechos-humanos-de-chiapas-cedh-a-traves-de-la-visitaduria-general-especializada-en-atencion-de-asuntos-de-migrantes-acudio-a-la-invitacion-realizada-por-la-direccion-d\/\" class=\"_self pt-cv-href-thumbnail pt-cv-thumb-left\" target=\"_self\" ><img loading=\"lazy\" decoding=\"async\" width=\"843\" height=\"510\" src=\"https:\/\/cedhchiapas.org\/cedh\/wp-content\/uploads\/2026\/04\/680626884_1414514114045358_6429388430658701751_n.jpg\" class=\"pt-cv-thumbnail pull-left\" alt=\"\" \/><\/a><\/div>\n<div class=\"pt-cv-colwrap\"><div class=\"pt-cv-taxoterm above_title\"><a href='https:\/\/cedhchiapas.org\/cedh\/category\/difusion\/' title='DIFUSI\u00d3N' class='pt-cv-tax-difusion'>DIFUSI\u00d3N<\/a><a href='https:\/\/cedhchiapas.org\/cedh\/category\/novedades\/' title='Novedades' class='pt-cv-tax-novedades'>Novedades<\/a><\/div><h4 class=\"pt-cv-title\"><a href=\"https:\/\/cedhchiapas.org\/cedh\/la-comision-estatal-de-los-derechos-humanos-de-chiapas-cedh-a-traves-de-la-visitaduria-general-especializada-en-atencion-de-asuntos-de-migrantes-acudio-a-la-invitacion-realizada-por-la-direccion-d\/\" class=\"_self\" target=\"_self\" >La Comisi\u00f3n Estatal de los Derechos Humanos de Chiapas (CEDH), a trav\u00e9s de la Visitadur\u00eda General Especializada en Atenci\u00f3n de Asuntos de Migrantes, acudi\u00f3 a la invitaci\u00f3n realizada por la Direcci\u00f3n de Asuntos Agrarios<\/a><\/h4><div class=\"pt-cv-content\">La Comisi\u00f3n Estatal de los Derechos Humanos de Chiapas (CEDH), a trav\u00e9s de la Visitadur\u00eda General Especializada en Atenci\u00f3n de ...<\/div><div class=\"pt-cv-rmwrap\"><a href=\"https:\/\/cedhchiapas.org\/cedh\/la-comision-estatal-de-los-derechos-humanos-de-chiapas-cedh-a-traves-de-la-visitaduria-general-especializada-en-atencion-de-asuntos-de-migrantes-acudio-a-la-invitacion-realizada-por-la-direccion-d\/\" class=\"_self pt-cv-readmore btn btn-success\" target=\"_self\" >Leer m\u00e1s<\/a><\/div><div class=\"pt-cv-meta-fields\"><span class=\"entry-date\"> <time datetime=\"2026-04-27T11:25:34-06:00\">27\/04\/2026<\/time><\/span><span> \/ <\/span><span class=\"author\"> <a href=\"https:\/\/cedhchiapas.org\/cedh\/author\/comunicacion\/\" rel=\"author\">comunicacion<\/a><\/span><\/div><\/div><\/div>\n<div class=\" pt-cv-content-item pt-cv-2-col\" ><div class=\"pt-cv-thumb-wrapper pull-left \"><a href=\"https:\/\/cedhchiapas.org\/cedh\/la-cedh-chiapas-a-traves-de-la-visitaduria-general-especializada-en-atencion-de-asuntos-de-migrantes\/\" class=\"_self pt-cv-href-thumbnail pt-cv-thumb-left\" target=\"_self\" ><img loading=\"lazy\" decoding=\"async\" width=\"721\" height=\"721\" src=\"https:\/\/cedhchiapas.org\/cedh\/wp-content\/uploads\/2026\/04\/682304452_1412846514212118_7713088874888765152_n.jpg\" class=\"pt-cv-thumbnail pull-left\" alt=\"\" \/><\/a><\/div>\n<div class=\"pt-cv-colwrap\"><div class=\"pt-cv-taxoterm above_title\"><a href='https:\/\/cedhchiapas.org\/cedh\/category\/difusion\/' title='DIFUSI\u00d3N' class='pt-cv-tax-difusion'>DIFUSI\u00d3N<\/a><a href='https:\/\/cedhchiapas.org\/cedh\/category\/novedades\/' title='Novedades' class='pt-cv-tax-novedades'>Novedades<\/a><\/div><h4 class=\"pt-cv-title\"><a href=\"https:\/\/cedhchiapas.org\/cedh\/la-cedh-chiapas-a-traves-de-la-visitaduria-general-especializada-en-atencion-de-asuntos-de-migrantes\/\" class=\"_self\" target=\"_self\" >La CEDH Chiapas, a trav\u00e9s de la Visitadur\u00eda General Especializada en Atenci\u00f3n de Asuntos de Migrantes<\/a><\/h4><div class=\"pt-cv-content\">La CEDH Chiapas, a trav\u00e9s de la Visitadur\u00eda General Especializada en Atenci\u00f3n de Asuntos de Migrantes, asisti\u00f3 a la marcha ...<\/div><div class=\"pt-cv-rmwrap\"><a href=\"https:\/\/cedhchiapas.org\/cedh\/la-cedh-chiapas-a-traves-de-la-visitaduria-general-especializada-en-atencion-de-asuntos-de-migrantes\/\" class=\"_self pt-cv-readmore btn btn-success\" target=\"_self\" >Leer m\u00e1s<\/a><\/div><div class=\"pt-cv-meta-fields\"><span class=\"entry-date\"> <time datetime=\"2026-04-27T11:20:25-06:00\">27\/04\/2026<\/time><\/span><span> \/ <\/span><span class=\"author\"> <a href=\"https:\/\/cedhchiapas.org\/cedh\/author\/comunicacion\/\" rel=\"author\">comunicacion<\/a><\/span><\/div><\/div><\/div>\n<div class=\" pt-cv-content-item pt-cv-2-col\" ><div class=\"pt-cv-thumb-wrapper pull-left \"><a href=\"https:\/\/cedhchiapas.org\/cedh\/%f0%9f%93%8dla-cedh-de-chiapas-participo-en-la-segunda-reunion-del-comite-regional-de-salud-para-personas-en-contexto-de-movilidad\/\" class=\"_self pt-cv-href-thumbnail pt-cv-thumb-left\" target=\"_self\" ><img loading=\"lazy\" decoding=\"async\" width=\"1024\" height=\"537\" src=\"https:\/\/cedhchiapas.org\/cedh\/wp-content\/uploads\/2026\/04\/679882414_1412845407545562_8132872519539969250_n-1024x537.jpg\" class=\"pt-cv-thumbnail pull-left\" alt=\"\" \/><\/a><\/div>\n<div class=\"pt-cv-colwrap\"><div class=\"pt-cv-taxoterm above_title\"><a href='https:\/\/cedhchiapas.org\/cedh\/category\/difusion\/' title='DIFUSI\u00d3N' class='pt-cv-tax-difusion'>DIFUSI\u00d3N<\/a><a href='https:\/\/cedhchiapas.org\/cedh\/category\/novedades\/' title='Novedades' class='pt-cv-tax-novedades'>Novedades<\/a><\/div><h4 class=\"pt-cv-title\"><a href=\"https:\/\/cedhchiapas.org\/cedh\/%f0%9f%93%8dla-cedh-de-chiapas-participo-en-la-segunda-reunion-del-comite-regional-de-salud-para-personas-en-contexto-de-movilidad\/\" class=\"_self\" target=\"_self\" >\ud83d\udccdLa CEDH de Chiapas particip\u00f3 en la Segunda Reuni\u00f3n del Comit\u00e9 Regional de Salud para Personas en Contexto de Movilidad&#8230;<\/a><\/h4><div class=\"pt-cv-content\">\ud83d\udccdLa CEDH de Chiapas particip\u00f3 en la Segunda Reuni\u00f3n del Comit\u00e9 Regional de Salud para Personas en Contexto de Movilidad, ...<\/div><div class=\"pt-cv-rmwrap\"><a href=\"https:\/\/cedhchiapas.org\/cedh\/%f0%9f%93%8dla-cedh-de-chiapas-participo-en-la-segunda-reunion-del-comite-regional-de-salud-para-personas-en-contexto-de-movilidad\/\" class=\"_self pt-cv-readmore btn btn-success\" target=\"_self\" >Leer m\u00e1s<\/a><\/div><div class=\"pt-cv-meta-fields\"><span class=\"entry-date\"> <time datetime=\"2026-04-27T11:17:17-06:00\">27\/04\/2026<\/time><\/span><span> \/ <\/span><span class=\"author\"> <a href=\"https:\/\/cedhchiapas.org\/cedh\/author\/comunicacion\/\" rel=\"author\">comunicacion<\/a><\/span><\/div><\/div><\/div>\n<div class=\" pt-cv-content-item pt-cv-2-col\" ><div class=\"pt-cv-thumb-wrapper pull-left \"><a href=\"https:\/\/cedhchiapas.org\/cedh\/%f0%9f%93%b1la-comision-estatal-de-los-derechos-humanos-de-chiapas-a-traves-de-la-visitaduria-general-especializada-en-atencion-de-asuntos-de-migrantes\/\" class=\"_self pt-cv-href-thumbnail pt-cv-thumb-left\" target=\"_self\" ><img loading=\"lazy\" decoding=\"async\" width=\"1024\" height=\"536\" src=\"https:\/\/cedhchiapas.org\/cedh\/wp-content\/uploads\/2026\/04\/678455920_1412653817564721_731190056546616253_n-1-1024x536.jpg\" class=\"pt-cv-thumbnail pull-left\" alt=\"\" \/><\/a><\/div>\n<div class=\"pt-cv-colwrap\"><div class=\"pt-cv-taxoterm above_title\"><a href='https:\/\/cedhchiapas.org\/cedh\/category\/difusion\/' title='DIFUSI\u00d3N' class='pt-cv-tax-difusion'>DIFUSI\u00d3N<\/a><a href='https:\/\/cedhchiapas.org\/cedh\/category\/novedades\/' title='Novedades' class='pt-cv-tax-novedades'>Novedades<\/a><\/div><h4 class=\"pt-cv-title\"><a href=\"https:\/\/cedhchiapas.org\/cedh\/%f0%9f%93%b1la-comision-estatal-de-los-derechos-humanos-de-chiapas-a-traves-de-la-visitaduria-general-especializada-en-atencion-de-asuntos-de-migrantes\/\" class=\"_self\" target=\"_self\" >\ud83d\udcf1La Comisi\u00f3n Estatal de los Derechos Humanos de Chiapas, a trav\u00e9s de la Visitadur\u00eda General Especializada en Atenci\u00f3n de Asuntos de Migrantes<\/a><\/h4><div class=\"pt-cv-content\">\ud83d\udcf1La Comisi\u00f3n Estatal de los Derechos Humanos de Chiapas, a trav\u00e9s de la Visitadur\u00eda General Especializada en Atenci\u00f3n de Asuntos ...<\/div><div class=\"pt-cv-rmwrap\"><a href=\"https:\/\/cedhchiapas.org\/cedh\/%f0%9f%93%b1la-comision-estatal-de-los-derechos-humanos-de-chiapas-a-traves-de-la-visitaduria-general-especializada-en-atencion-de-asuntos-de-migrantes\/\" class=\"_self pt-cv-readmore btn btn-success\" target=\"_self\" >Leer m\u00e1s<\/a><\/div><div class=\"pt-cv-meta-fields\"><span class=\"entry-date\"> <time datetime=\"2026-04-24T12:52:11-06:00\">24\/04\/2026<\/time><\/span><span> \/ <\/span><span class=\"author\"> <a href=\"https:\/\/cedhchiapas.org\/cedh\/author\/comunicacion\/\" rel=\"author\">comunicacion<\/a><\/span><\/div><\/div><\/div>\n<div class=\" pt-cv-content-item pt-cv-2-col\" ><div class=\"pt-cv-thumb-wrapper pull-left \"><a href=\"https:\/\/cedhchiapas.org\/cedh\/%f0%9f%93%8cla-cdeh-chiapas-fortalece-la-cultura-de-prevencion-al-atender-las-recomendaciones-por-parte-de-la-lic-liliana-castillo-patricio-brigadista-de-la-sociedad-operadora-de-la-torre-chiapas\/\" class=\"_self pt-cv-href-thumbnail pt-cv-thumb-left\" target=\"_self\" ><img loading=\"lazy\" decoding=\"async\" width=\"1024\" height=\"666\" src=\"https:\/\/cedhchiapas.org\/cedh\/wp-content\/uploads\/2026\/04\/WhatsApp-Image-2026-04-24-at-9.33.56-AM-1024x666.jpeg\" class=\"pt-cv-thumbnail pull-left\" alt=\"\" \/><\/a><\/div>\n<div class=\"pt-cv-colwrap\"><div class=\"pt-cv-taxoterm above_title\"><a href='https:\/\/cedhchiapas.org\/cedh\/category\/difusion\/' title='DIFUSI\u00d3N' class='pt-cv-tax-difusion'>DIFUSI\u00d3N<\/a><a href='https:\/\/cedhchiapas.org\/cedh\/category\/novedades\/' title='Novedades' class='pt-cv-tax-novedades'>Novedades<\/a><\/div><h4 class=\"pt-cv-title\"><a href=\"https:\/\/cedhchiapas.org\/cedh\/%f0%9f%93%8cla-cdeh-chiapas-fortalece-la-cultura-de-prevencion-al-atender-las-recomendaciones-por-parte-de-la-lic-liliana-castillo-patricio-brigadista-de-la-sociedad-operadora-de-la-torre-chiapas\/\" class=\"_self\" target=\"_self\" >\ud83d\udcccLa CDEH Chiapas fortalece la cultura de prevenci\u00f3n, al atender las recomendaciones por parte de la Lic. Liliana Castillo Patricio, brigadista de la Sociedad Operadora de la Torre Chiapas.<\/a><\/h4><div class=\"pt-cv-content\">\ud83d\udcccLa CDEH Chiapas fortalece la cultura de prevenci\u00f3n, al atender las recomendaciones por parte de la Lic. Liliana Castillo Patricio, ...<\/div><div class=\"pt-cv-rmwrap\"><a href=\"https:\/\/cedhchiapas.org\/cedh\/%f0%9f%93%8cla-cdeh-chiapas-fortalece-la-cultura-de-prevencion-al-atender-las-recomendaciones-por-parte-de-la-lic-liliana-castillo-patricio-brigadista-de-la-sociedad-operadora-de-la-torre-chiapas\/\" class=\"_self pt-cv-readmore btn btn-success\" target=\"_self\" >Leer m\u00e1s<\/a><\/div><div class=\"pt-cv-meta-fields\"><span class=\"entry-date\"> <time datetime=\"2026-04-24T12:46:30-06:00\">24\/04\/2026<\/time><\/span><span> \/ <\/span><span class=\"author\"> <a href=\"https:\/\/cedhchiapas.org\/cedh\/author\/comunicacion\/\" rel=\"author\">comunicacion<\/a><\/span><\/div><\/div><\/div><\/div><\/div> <\/div> \t\t<\/div>\n\t\t\t\t<\/div>\n\t\t\t\t\t<\/div>\n\t\t<\/div>\n\t\t\t\t\t\t\t<\/div>\n\t\t<\/section>\n\t\t\t\t\t\t\t<\/div>\n\t\t","protected":false},"excerpt":{"rendered":"<p>\ud83d\udcccLa CDEH Chiapas fortalece la cultura de prevenci\u00f3n, al atender las recomendaciones por parte de la Lic. Liliana Castillo Patricio, brigadista de la Sociedad Operadora de la Torre Chiapas, y<\/p>\n","protected":false},"author":6,"featured_media":13952,"comment_status":"closed","ping_status":"open","sticky":false,"template":"","format":"standard","meta":{"_jetpack_memberships_contains_paid_content":false,"footnotes":""},"categories":[1,87],"tags":[],"jetpack_sharing_enabled":true,"jetpack_featured_media_url":"https:\/\/cedhchiapas.org\/cedh\/wp-content\/uploads\/2026\/02\/640208473_1354660733364030_8462032992741985892_n.jpg","_links":{"self":[{"href":"https:\/\/cedhchiapas.org\/cedh\/wp-json\/wp\/v2\/posts\/13950"}],"collection":[{"href":"https:\/\/cedhchiapas.org\/cedh\/wp-json\/wp\/v2\/posts"}],"about":[{"href":"https:\/\/cedhchiapas.org\/cedh\/wp-json\/wp\/v2\/types\/post"}],"author":[{"embeddable":true,"href":"https:\/\/cedhchiapas.org\/cedh\/wp-json\/wp\/v2\/users\/6"}],"replies":[{"embeddable":true,"href":"https:\/\/cedhchiapas.org\/cedh\/wp-json\/wp\/v2\/comments?post=13950"}],"version-history":[{"count":4,"href":"https:\/\/cedhchiapas.org\/cedh\/wp-json\/wp\/v2\/posts\/13950\/revisions"}],"predecessor-version":[{"id":13955,"href":"https:\/\/cedhchiapas.org\/cedh\/wp-json\/wp\/v2\/posts\/13950\/revisions\/13955"}],"wp:featuredmedia":[{"embeddable":true,"href":"https:\/\/cedhchiapas.org\/cedh\/wp-json\/wp\/v2\/media\/13952"}],"wp:attachment":[{"href":"https:\/\/cedhchiapas.org\/cedh\/wp-json\/wp\/v2\/media?parent=13950"}],"wp:term":[{"taxonomy":"category","embeddable":true,"href":"https:\/\/cedhchiapas.org\/cedh\/wp-json\/wp\/v2\/categories?post=13950"},{"taxonomy":"post_tag","embeddable":true,"href":"https:\/\/cedhchiapas.org\/cedh\/wp-json\/wp\/v2\/tags?post=13950"}],"curies":[{"name":"wp","href":"https:\/\/api.w.org\/{rel}","templated":true}]}}