{"id":13942,"date":"2026-02-23T16:28:05","date_gmt":"2026-02-23T22:28:05","guid":{"rendered":"https:\/\/cedhchiapas.org\/cedh\/?p=13942"},"modified":"2026-02-23T16:29:22","modified_gmt":"2026-02-23T22:29:22","slug":"%f0%9f%93%8c%f0%9f%93%b2la-comision-estatal-de-los-derechos-humanos-de-chiapas-a-traves-de-personal-adscrito-a-la-visitaduria-general-especializada-en-atencion-de-asuntos-de-migrantes","status":"publish","type":"post","link":"https:\/\/cedhchiapas.org\/cedh\/%f0%9f%93%8c%f0%9f%93%b2la-comision-estatal-de-los-derechos-humanos-de-chiapas-a-traves-de-personal-adscrito-a-la-visitaduria-general-especializada-en-atencion-de-asuntos-de-migrantes\/","title":{"rendered":"\ud83d\udccc\ud83d\udcf2La Comisi\u00f3n Estatal de los Derechos Humanos de Chiapas, a trav\u00e9s de personal adscrito a la Visitadur\u00eda General Especializada en Atenci\u00f3n de Asuntos de Migrantes"},"content":{"rendered":"\t\t<div data-elementor-type=\"wp-post\" data-elementor-id=\"13942\" class=\"elementor elementor-13942\">\n\t\t\t\t\t\t\t\t\t<section class=\"elementor-section elementor-top-section elementor-element elementor-element-7b1598e6 elementor-section-boxed elementor-section-height-default elementor-section-height-default wpr-particle-no wpr-sticky-section-no\" data-id=\"7b1598e6\" data-element_type=\"section\">\n\t\t\t\t\t\t<div class=\"elementor-container elementor-column-gap-default\">\n\t\t\t\t\t<div class=\"elementor-column elementor-col-16 elementor-top-column elementor-element elementor-element-3cb25c03\" data-id=\"3cb25c03\" data-element_type=\"column\">\n\t\t\t<div class=\"elementor-widget-wrap\">\n\t\t\t\t\t\t\t\t\t<\/div>\n\t\t<\/div>\n\t\t\t\t<div class=\"elementor-column elementor-col-66 elementor-top-column elementor-element elementor-element-7845b657\" data-id=\"7845b657\" data-element_type=\"column\">\n\t\t\t<div class=\"elementor-widget-wrap elementor-element-populated\">\n\t\t\t\t\t\t\t\t<div class=\"elementor-element elementor-element-2f6a158d elementor-widget elementor-widget-spacer\" data-id=\"2f6a158d\" data-element_type=\"widget\" data-widget_type=\"spacer.default\">\n\t\t\t\t<div class=\"elementor-widget-container\">\n\t\t\t\t\t<div class=\"elementor-spacer\">\n\t\t\t<div class=\"elementor-spacer-inner\"><\/div>\n\t\t<\/div>\n\t\t\t\t<\/div>\n\t\t\t\t<\/div>\n\t\t\t\t<div class=\"elementor-element elementor-element-2e4fc1c2 elementor-widget elementor-widget-text-editor\" data-id=\"2e4fc1c2\" data-element_type=\"widget\" data-widget_type=\"text-editor.default\">\n\t\t\t\t<div class=\"elementor-widget-container\">\n\t\t\t\t\t\t\t<h5>\ud83d\udccc\ud83d\udcf2La Comisi\u00f3n Estatal de los Derechos Humanos de Chiapas, a trav\u00e9s de personal adscrito a la Visitadur\u00eda General Especializada en Atenci\u00f3n de Asuntos de Migrantes a cargo del Lic. Juan Carlos de la Cruz Velazquez, particip\u00f3 en la aplicaci\u00f3n del Diagn\u00f3stico r\u00e1pido sobre los servicios de cuidados y principales barreras que limitan el acceso y ejercicio de derechos de la poblaci\u00f3n en situaci\u00f3n de movilidad.<br \/>Dicho diagn\u00f3stico es coordinado por la Organizaci\u00f3n Internacional del Trabajo (OIT), que tiene como principal objetivo recopilar informaci\u00f3n t\u00e9cnica y operativa sobre el marco normativo, programas disponibles, capacidades institucionales, barreras de acceso y mecanismos de coordinaci\u00f3n relacionados con los servicios de cuidado, especialmente cuidado infantil para mujeres migrantes y poblaci\u00f3n en movilidad en Tapachula, Chiapas.<br \/>Lo anterior con la finalidad de desarrollar un Diagn\u00f3stico r\u00e1pido sobre los servicios de cuidado y brindar los aportes necesarios para la elaboraci\u00f3n del Documento de lineamientos operativos para la implementaci\u00f3n del piloto de acceso a servicios de cuidado infantil, orientados a mejorar la inserci\u00f3n laboral en condiciones dignas de las personas en movilidad, en especial, las mujeres migrantes.<br \/>La participaci\u00f3n de la CEDH en este tipo de actividades tiene como prop\u00f3sito fortalecer la coordinaci\u00f3n interinstitucional y consolidar estrategias conjuntas que permitan avanzar y garantizar los Derechos Humanos de las personas que requieran los servicios de cuidado.<br \/>#CEDHChiapas #DerechosHumanos #Migraci\u00f3n #MovilidadHumana #Tapachula #ServiciosDeCuidado #MujeresMigrantes #TrabajoDigno #Coordinaci\u00f3nInterinstitucional<\/h5>\t\t\t\t\t\t<\/div>\n\t\t\t\t<\/div>\n\t\t\t\t<div class=\"elementor-element elementor-element-483bfecd elementor-arrows-position-inside elementor-widget elementor-widget-image-carousel\" data-id=\"483bfecd\" data-element_type=\"widget\" data-settings=\"{&quot;slides_to_show&quot;:&quot;1&quot;,&quot;navigation&quot;:&quot;arrows&quot;,&quot;autoplay&quot;:&quot;yes&quot;,&quot;pause_on_hover&quot;:&quot;yes&quot;,&quot;pause_on_interaction&quot;:&quot;yes&quot;,&quot;autoplay_speed&quot;:5000,&quot;infinite&quot;:&quot;yes&quot;,&quot;effect&quot;:&quot;slide&quot;,&quot;speed&quot;:500}\" data-widget_type=\"image-carousel.default\">\n\t\t\t\t<div class=\"elementor-widget-container\">\n\t\t\t\t\t<div class=\"elementor-image-carousel-wrapper swiper-container\" dir=\"ltr\">\n\t\t\t<div class=\"elementor-image-carousel swiper-wrapper\" aria-live=\"off\">\n\t\t\t\t\t\t\t\t<div class=\"swiper-slide\" role=\"group\" aria-roledescription=\"slide\" aria-label=\"1 de 3\"><figure class=\"swiper-slide-inner\"><img decoding=\"async\" class=\"swiper-slide-image\" src=\"https:\/\/cedhchiapas.org\/cedh\/wp-content\/uploads\/2026\/02\/Diseno-sin-titulo-22-scaled.jpg\" alt=\"Dise\u00f1o sin t\u00edtulo (22)\" \/><\/figure><\/div><div class=\"swiper-slide\" role=\"group\" aria-roledescription=\"slide\" aria-label=\"2 de 3\"><figure class=\"swiper-slide-inner\"><img decoding=\"async\" class=\"swiper-slide-image\" src=\"https:\/\/cedhchiapas.org\/cedh\/wp-content\/uploads\/2026\/02\/Diseno-sin-titulo-23-scaled.jpg\" alt=\"Dise\u00f1o sin t\u00edtulo (23)\" \/><\/figure><\/div><div class=\"swiper-slide\" role=\"group\" aria-roledescription=\"slide\" aria-label=\"3 de 3\"><figure class=\"swiper-slide-inner\"><img decoding=\"async\" class=\"swiper-slide-image\" src=\"https:\/\/cedhchiapas.org\/cedh\/wp-content\/uploads\/2026\/02\/Diseno-sin-titulo-21-scaled.jpg\" alt=\"Dise\u00f1o sin t\u00edtulo (21)\" \/><\/figure><\/div>\t\t\t<\/div>\n\t\t\t\t\t\t\t\t\t\t\t\t<div class=\"elementor-swiper-button elementor-swiper-button-prev\" role=\"button\" tabindex=\"0\">\n\t\t\t\t\t\t<i aria-hidden=\"true\" class=\"eicon-chevron-left\"><\/i>\t\t\t\t\t<\/div>\n\t\t\t\t\t<div class=\"elementor-swiper-button elementor-swiper-button-next\" role=\"button\" tabindex=\"0\">\n\t\t\t\t\t\t<i aria-hidden=\"true\" class=\"eicon-chevron-right\"><\/i>\t\t\t\t\t<\/div>\n\t\t\t\t\n\t\t\t\t\t\t\t\t\t<\/div>\n\t\t\t\t<\/div>\n\t\t\t\t<\/div>\n\t\t\t\t\t<\/div>\n\t\t<\/div>\n\t\t\t\t<div class=\"elementor-column elementor-col-16 elementor-top-column elementor-element elementor-element-6bfb73d8\" data-id=\"6bfb73d8\" data-element_type=\"column\">\n\t\t\t<div class=\"elementor-widget-wrap\">\n\t\t\t\t\t\t\t\t\t<\/div>\n\t\t<\/div>\n\t\t\t\t\t\t\t<\/div>\n\t\t<\/section>\n\t\t\t\t\t\t\t<\/div>\n\t\t","protected":false},"excerpt":{"rendered":"<p>\ud83d\udccc\ud83d\udcf2La Comisi\u00f3n Estatal de los Derechos Humanos de Chiapas, a trav\u00e9s de personal adscrito a la Visitadur\u00eda General Especializada en Atenci\u00f3n de Asuntos de Migrantes a cargo del Lic. Juan<\/p>\n","protected":false},"author":6,"featured_media":13944,"comment_status":"closed","ping_status":"open","sticky":false,"template":"","format":"standard","meta":{"_jetpack_memberships_contains_paid_content":false,"footnotes":""},"categories":[1,87],"tags":[],"jetpack_sharing_enabled":true,"jetpack_featured_media_url":"https:\/\/cedhchiapas.org\/cedh\/wp-content\/uploads\/2026\/02\/Diseno-sin-titulo-23-scaled.jpg","_links":{"self":[{"href":"https:\/\/cedhchiapas.org\/cedh\/wp-json\/wp\/v2\/posts\/13942"}],"collection":[{"href":"https:\/\/cedhchiapas.org\/cedh\/wp-json\/wp\/v2\/posts"}],"about":[{"href":"https:\/\/cedhchiapas.org\/cedh\/wp-json\/wp\/v2\/types\/post"}],"author":[{"embeddable":true,"href":"https:\/\/cedhchiapas.org\/cedh\/wp-json\/wp\/v2\/users\/6"}],"replies":[{"embeddable":true,"href":"https:\/\/cedhchiapas.org\/cedh\/wp-json\/wp\/v2\/comments?post=13942"}],"version-history":[{"count":4,"href":"https:\/\/cedhchiapas.org\/cedh\/wp-json\/wp\/v2\/posts\/13942\/revisions"}],"predecessor-version":[{"id":13949,"href":"https:\/\/cedhchiapas.org\/cedh\/wp-json\/wp\/v2\/posts\/13942\/revisions\/13949"}],"wp:featuredmedia":[{"embeddable":true,"href":"https:\/\/cedhchiapas.org\/cedh\/wp-json\/wp\/v2\/media\/13944"}],"wp:attachment":[{"href":"https:\/\/cedhchiapas.org\/cedh\/wp-json\/wp\/v2\/media?parent=13942"}],"wp:term":[{"taxonomy":"category","embeddable":true,"href":"https:\/\/cedhchiapas.org\/cedh\/wp-json\/wp\/v2\/categories?post=13942"},{"taxonomy":"post_tag","embeddable":true,"href":"https:\/\/cedhchiapas.org\/cedh\/wp-json\/wp\/v2\/tags?post=13942"}],"curies":[{"name":"wp","href":"https:\/\/api.w.org\/{rel}","templated":true}]}}