{"id":13933,"date":"2026-02-23T16:08:06","date_gmt":"2026-02-23T22:08:06","guid":{"rendered":"https:\/\/cedhchiapas.org\/cedh\/?p=13933"},"modified":"2026-02-23T16:08:57","modified_gmt":"2026-02-23T22:08:57","slug":"%f0%9f%93%8dparticipa-la-comision-estatal-de-los-derechos-humanos-de-chiapas-en-la-conmemoracion-del-dia-de-la-justicia-social","status":"publish","type":"post","link":"https:\/\/cedhchiapas.org\/cedh\/%f0%9f%93%8dparticipa-la-comision-estatal-de-los-derechos-humanos-de-chiapas-en-la-conmemoracion-del-dia-de-la-justicia-social\/","title":{"rendered":"\ud83d\udccdParticipa la Comisi\u00f3n Estatal de los Derechos Humanos de Chiapas en la conmemoracion del \u00abDia de la Justicia Social\u00bb."},"content":{"rendered":"\t\t<div data-elementor-type=\"wp-post\" data-elementor-id=\"13933\" class=\"elementor elementor-13933\">\n\t\t\t\t\t\t\t\t\t<section class=\"elementor-section elementor-top-section elementor-element elementor-element-bb9668 elementor-section-boxed elementor-section-height-default elementor-section-height-default wpr-particle-no wpr-sticky-section-no\" data-id=\"bb9668\" data-element_type=\"section\">\n\t\t\t\t\t\t<div class=\"elementor-container elementor-column-gap-default\">\n\t\t\t\t\t<div class=\"elementor-column elementor-col-16 elementor-top-column elementor-element elementor-element-e007e5b\" data-id=\"e007e5b\" data-element_type=\"column\">\n\t\t\t<div class=\"elementor-widget-wrap\">\n\t\t\t\t\t\t\t\t\t<\/div>\n\t\t<\/div>\n\t\t\t\t<div class=\"elementor-column elementor-col-66 elementor-top-column elementor-element elementor-element-39c0c40e\" data-id=\"39c0c40e\" data-element_type=\"column\">\n\t\t\t<div class=\"elementor-widget-wrap elementor-element-populated\">\n\t\t\t\t\t\t\t\t<div class=\"elementor-element elementor-element-798224d8 elementor-widget elementor-widget-spacer\" data-id=\"798224d8\" data-element_type=\"widget\" data-widget_type=\"spacer.default\">\n\t\t\t\t<div class=\"elementor-widget-container\">\n\t\t\t\t\t<div class=\"elementor-spacer\">\n\t\t\t<div class=\"elementor-spacer-inner\"><\/div>\n\t\t<\/div>\n\t\t\t\t<\/div>\n\t\t\t\t<\/div>\n\t\t\t\t<div class=\"elementor-element elementor-element-cb6dbdc elementor-widget elementor-widget-text-editor\" data-id=\"cb6dbdc\" data-element_type=\"widget\" data-widget_type=\"text-editor.default\">\n\t\t\t\t<div class=\"elementor-widget-container\">\n\t\t\t\t\t\t\t<h5>\ud83d\udccdParticipa la Comisi\u00f3n Estatal de los Derechos Humanos de Chiapas en la conmemoracion del \u00abDia de la Justicia Social\u00bb. <br \/>Atrav\u00e9s del personal adscrito a la Visitadur\u00eda General Especializada en Atenci\u00f3n de Asuntos de Migrantes a cargo del Lic. Juan Carlos de la Cruz Velazquez, particip\u00f3 en el programa art\u00edstico y cultural organizado por el Telebachillerato No. 43 \u00abAlbert Einstein\u00bb, ubicado en el Ejido Bremen, Municipio de Motozintla, Chiapas, en Conmemoraci\u00f3n al D\u00eda de la Justicia Social.<br \/>Dicho evento tuvo como principal objetivo el fortalecimiento de la conciencia social, particularmente en materia de Justicia Social, Igualdad de Oportunidades, No Discriminaci\u00f3n y Derechos Humanos. <br \/>Por tal motivo este Organismo, particip\u00f3 con una platica dirigida a la comunidad escolar del citado Telebachillerato, entre ellos estudiantes docentes, padres y madres de familia, con los temas \u00abIntroducci\u00f3n a los Derechos Humanos y Cultura de la Paz\u00bb.<br \/>As\u00ed tambi\u00e9n al finalizar dicho evento el Director de la Escuela, Representante del Comit\u00e9 de Padres y Madres de Familia, as\u00ed como de la Sociedad de Alumnos, llevaron acabo la firma simb\u00f3lica del acta de declaratoria \u00abEscuela Promotora de Cultura de Paz y Derechos Humos\u00bb.<br \/>La participaci\u00f3n de la CEDH en este tipo de actividades tiene como prop\u00f3sito fortalecer la cultura de paz, as\u00ed como sensibilizar a la poblacion en general que permitan avanzar y garantizar los Derechos Humanos de todas las personas.<br \/>#CEDHChiapas #DerechosHumanos #Tapachula #chiapas #destacar #tuxtla<\/h5>\t\t\t\t\t\t<\/div>\n\t\t\t\t<\/div>\n\t\t\t\t<div class=\"elementor-element elementor-element-516f413a elementor-arrows-position-inside elementor-widget elementor-widget-image-carousel\" data-id=\"516f413a\" data-element_type=\"widget\" data-settings=\"{&quot;slides_to_show&quot;:&quot;1&quot;,&quot;navigation&quot;:&quot;arrows&quot;,&quot;autoplay&quot;:&quot;yes&quot;,&quot;pause_on_hover&quot;:&quot;yes&quot;,&quot;pause_on_interaction&quot;:&quot;yes&quot;,&quot;autoplay_speed&quot;:5000,&quot;infinite&quot;:&quot;yes&quot;,&quot;effect&quot;:&quot;slide&quot;,&quot;speed&quot;:500}\" data-widget_type=\"image-carousel.default\">\n\t\t\t\t<div class=\"elementor-widget-container\">\n\t\t\t\t\t<div class=\"elementor-image-carousel-wrapper swiper-container\" dir=\"ltr\">\n\t\t\t<div class=\"elementor-image-carousel swiper-wrapper\" aria-live=\"off\">\n\t\t\t\t\t\t\t\t<div class=\"swiper-slide\" role=\"group\" aria-roledescription=\"slide\" aria-label=\"1 de 3\"><figure class=\"swiper-slide-inner\"><img decoding=\"async\" class=\"swiper-slide-image\" src=\"https:\/\/cedhchiapas.org\/cedh\/wp-content\/uploads\/2026\/02\/Diseno-sin-titulo-15-scaled.jpg\" alt=\"Dise\u00f1o sin t\u00edtulo (15)\" \/><\/figure><\/div><div class=\"swiper-slide\" role=\"group\" aria-roledescription=\"slide\" aria-label=\"2 de 3\"><figure class=\"swiper-slide-inner\"><img decoding=\"async\" class=\"swiper-slide-image\" src=\"https:\/\/cedhchiapas.org\/cedh\/wp-content\/uploads\/2026\/02\/Diseno-sin-titulo-19-scaled.jpg\" alt=\"Dise\u00f1o sin t\u00edtulo (19)\" \/><\/figure><\/div><div class=\"swiper-slide\" role=\"group\" aria-roledescription=\"slide\" aria-label=\"3 de 3\"><figure class=\"swiper-slide-inner\"><img decoding=\"async\" class=\"swiper-slide-image\" src=\"https:\/\/cedhchiapas.org\/cedh\/wp-content\/uploads\/2026\/02\/Diseno-sin-titulo-17-scaled.jpg\" alt=\"Dise\u00f1o sin t\u00edtulo (17)\" \/><\/figure><\/div>\t\t\t<\/div>\n\t\t\t\t\t\t\t\t\t\t\t\t<div class=\"elementor-swiper-button elementor-swiper-button-prev\" role=\"button\" tabindex=\"0\">\n\t\t\t\t\t\t<i aria-hidden=\"true\" class=\"eicon-chevron-left\"><\/i>\t\t\t\t\t<\/div>\n\t\t\t\t\t<div class=\"elementor-swiper-button elementor-swiper-button-next\" role=\"button\" tabindex=\"0\">\n\t\t\t\t\t\t<i aria-hidden=\"true\" class=\"eicon-chevron-right\"><\/i>\t\t\t\t\t<\/div>\n\t\t\t\t\n\t\t\t\t\t\t\t\t\t<\/div>\n\t\t\t\t<\/div>\n\t\t\t\t<\/div>\n\t\t\t\t\t<\/div>\n\t\t<\/div>\n\t\t\t\t<div class=\"elementor-column elementor-col-16 elementor-top-column elementor-element elementor-element-4b58070c\" data-id=\"4b58070c\" data-element_type=\"column\">\n\t\t\t<div class=\"elementor-widget-wrap\">\n\t\t\t\t\t\t\t\t\t<\/div>\n\t\t<\/div>\n\t\t\t\t\t\t\t<\/div>\n\t\t<\/section>\n\t\t\t\t\t\t\t<\/div>\n\t\t","protected":false},"excerpt":{"rendered":"<p>\ud83d\udccdParticipa la Comisi\u00f3n Estatal de los Derechos Humanos de Chiapas en la conmemoracion del \u00abDia de la Justicia Social\u00bb. Atrav\u00e9s del personal adscrito a la Visitadur\u00eda General Especializada en Atenci\u00f3n<\/p>\n","protected":false},"author":6,"featured_media":13935,"comment_status":"closed","ping_status":"open","sticky":false,"template":"","format":"standard","meta":{"_jetpack_memberships_contains_paid_content":false,"footnotes":""},"categories":[1,87],"tags":[],"jetpack_sharing_enabled":true,"jetpack_featured_media_url":"https:\/\/cedhchiapas.org\/cedh\/wp-content\/uploads\/2026\/02\/Diseno-sin-titulo-19-scaled.jpg","_links":{"self":[{"href":"https:\/\/cedhchiapas.org\/cedh\/wp-json\/wp\/v2\/posts\/13933"}],"collection":[{"href":"https:\/\/cedhchiapas.org\/cedh\/wp-json\/wp\/v2\/posts"}],"about":[{"href":"https:\/\/cedhchiapas.org\/cedh\/wp-json\/wp\/v2\/types\/post"}],"author":[{"embeddable":true,"href":"https:\/\/cedhchiapas.org\/cedh\/wp-json\/wp\/v2\/users\/6"}],"replies":[{"embeddable":true,"href":"https:\/\/cedhchiapas.org\/cedh\/wp-json\/wp\/v2\/comments?post=13933"}],"version-history":[{"count":4,"href":"https:\/\/cedhchiapas.org\/cedh\/wp-json\/wp\/v2\/posts\/13933\/revisions"}],"predecessor-version":[{"id":13940,"href":"https:\/\/cedhchiapas.org\/cedh\/wp-json\/wp\/v2\/posts\/13933\/revisions\/13940"}],"wp:featuredmedia":[{"embeddable":true,"href":"https:\/\/cedhchiapas.org\/cedh\/wp-json\/wp\/v2\/media\/13935"}],"wp:attachment":[{"href":"https:\/\/cedhchiapas.org\/cedh\/wp-json\/wp\/v2\/media?parent=13933"}],"wp:term":[{"taxonomy":"category","embeddable":true,"href":"https:\/\/cedhchiapas.org\/cedh\/wp-json\/wp\/v2\/categories?post=13933"},{"taxonomy":"post_tag","embeddable":true,"href":"https:\/\/cedhchiapas.org\/cedh\/wp-json\/wp\/v2\/tags?post=13933"}],"curies":[{"name":"wp","href":"https:\/\/api.w.org\/{rel}","templated":true}]}}