{"id":13919,"date":"2026-02-20T13:27:22","date_gmt":"2026-02-20T19:27:22","guid":{"rendered":"https:\/\/cedhchiapas.org\/cedh\/?p=13919"},"modified":"2026-02-20T13:39:00","modified_gmt":"2026-02-20T19:39:00","slug":"%f0%9f%93%8c%f0%9f%93%b2la-visitaduria-adjunta-regional-de-palenque-de-la-comision-estatal-de-los-derechos-humanos-de-chiapas-asistio-a-la-9a-sesion-ordinaria-del-consejo-municipal-de-seguridad-publi","status":"publish","type":"post","link":"https:\/\/cedhchiapas.org\/cedh\/%f0%9f%93%8c%f0%9f%93%b2la-visitaduria-adjunta-regional-de-palenque-de-la-comision-estatal-de-los-derechos-humanos-de-chiapas-asistio-a-la-9a-sesion-ordinaria-del-consejo-municipal-de-seguridad-publi\/","title":{"rendered":"\ud83d\udccc\ud83d\udcf2La Visitaduria Adjunta Regional de Palenque de la Comisi\u00f3n Estatal de los Derechos Humanos de Chiapas, asisti\u00f3 a la 9a Sesi\u00f3n Ordinaria del Consejo Municipal de Seguridad P\u00fablica"},"content":{"rendered":"\t\t<div data-elementor-type=\"wp-post\" data-elementor-id=\"13919\" class=\"elementor elementor-13919\">\n\t\t\t\t\t\t\t\t\t<section class=\"elementor-section elementor-top-section elementor-element elementor-element-43ffeeac elementor-section-boxed elementor-section-height-default elementor-section-height-default wpr-particle-no wpr-sticky-section-no\" data-id=\"43ffeeac\" data-element_type=\"section\">\n\t\t\t\t\t\t<div class=\"elementor-container elementor-column-gap-default\">\n\t\t\t\t\t<div class=\"elementor-column elementor-col-16 elementor-top-column elementor-element elementor-element-250ed27f\" data-id=\"250ed27f\" data-element_type=\"column\">\n\t\t\t<div class=\"elementor-widget-wrap\">\n\t\t\t\t\t\t\t\t\t<\/div>\n\t\t<\/div>\n\t\t\t\t<div class=\"elementor-column elementor-col-66 elementor-top-column elementor-element elementor-element-35cb8868\" data-id=\"35cb8868\" data-element_type=\"column\">\n\t\t\t<div class=\"elementor-widget-wrap elementor-element-populated\">\n\t\t\t\t\t\t\t\t<div class=\"elementor-element elementor-element-518988bc elementor-widget elementor-widget-spacer\" data-id=\"518988bc\" data-element_type=\"widget\" data-widget_type=\"spacer.default\">\n\t\t\t\t<div class=\"elementor-widget-container\">\n\t\t\t\t\t<div class=\"elementor-spacer\">\n\t\t\t<div class=\"elementor-spacer-inner\"><\/div>\n\t\t<\/div>\n\t\t\t\t<\/div>\n\t\t\t\t<\/div>\n\t\t\t\t<div class=\"elementor-element elementor-element-56748c8f elementor-widget elementor-widget-text-editor\" data-id=\"56748c8f\" data-element_type=\"widget\" data-widget_type=\"text-editor.default\">\n\t\t\t\t<div class=\"elementor-widget-container\">\n\t\t\t\t\t\t\t<h5>\ud83d\udccc\ud83d\udcf2La Visitaduria Adjunta Regional de Palenque de la Comisi\u00f3n Estatal de los Derechos Humanos de Chiapas, asisti\u00f3 a la 9a Sesi\u00f3n Ordinaria del Consejo Municipal de Seguridad P\u00fablica, convocada por el presidente municipal de Palenque, Chiapas, donde se dieron cita autoridades de los diferentes niveles de gobierno.<br \/>La reuni\u00f3n tuvo como objetivo dar seguimiento a diversos temas relacionados con la seguridad, as\u00ed como la movilidad urbana, al igual que atender la problem\u00e1tica de incidentes delictivos, monitoreo a bares y cantinas en la zona urbana y lugares aleda\u00f1os.<br \/>Durante el desarrollo de la mesa de trabajo, se estableci\u00f3 la importancia de mantener en todo momento el respeto a los derechos humanos a los pobladores del municipio.<br \/>#CEDHChiapas #DerechosHumanos #destacar<\/h5>\t\t\t\t\t\t<\/div>\n\t\t\t\t<\/div>\n\t\t\t\t<div class=\"elementor-element elementor-element-42ad86dc elementor-arrows-position-inside elementor-widget elementor-widget-image-carousel\" data-id=\"42ad86dc\" data-element_type=\"widget\" data-settings=\"{&quot;slides_to_show&quot;:&quot;1&quot;,&quot;navigation&quot;:&quot;arrows&quot;,&quot;autoplay&quot;:&quot;yes&quot;,&quot;pause_on_hover&quot;:&quot;yes&quot;,&quot;pause_on_interaction&quot;:&quot;yes&quot;,&quot;autoplay_speed&quot;:5000,&quot;infinite&quot;:&quot;yes&quot;,&quot;effect&quot;:&quot;slide&quot;,&quot;speed&quot;:500}\" data-widget_type=\"image-carousel.default\">\n\t\t\t\t<div class=\"elementor-widget-container\">\n\t\t\t\t\t<div class=\"elementor-image-carousel-wrapper swiper-container\" dir=\"ltr\">\n\t\t\t<div class=\"elementor-image-carousel swiper-wrapper\" aria-live=\"off\">\n\t\t\t\t\t\t\t\t<div class=\"swiper-slide\" role=\"group\" aria-roledescription=\"slide\" aria-label=\"1 de 4\"><figure class=\"swiper-slide-inner\"><img decoding=\"async\" class=\"swiper-slide-image\" src=\"https:\/\/cedhchiapas.org\/cedh\/wp-content\/uploads\/2026\/02\/Comision-Estatal-de-los-Derechos-Humanos-3-scaled.jpg\" alt=\"Comisi\u00f3n Estatal de los Derechos Humanos (3)\" \/><\/figure><\/div><div class=\"swiper-slide\" role=\"group\" aria-roledescription=\"slide\" aria-label=\"2 de 4\"><figure class=\"swiper-slide-inner\"><img decoding=\"async\" class=\"swiper-slide-image\" src=\"https:\/\/cedhchiapas.org\/cedh\/wp-content\/uploads\/2026\/02\/Comision-Estatal-de-los-Derechos-Humanos-2-1-scaled.jpg\" alt=\"Comisi\u00f3n Estatal de los Derechos Humanos (2)\" \/><\/figure><\/div><div class=\"swiper-slide\" role=\"group\" aria-roledescription=\"slide\" aria-label=\"3 de 4\"><figure class=\"swiper-slide-inner\"><img decoding=\"async\" class=\"swiper-slide-image\" src=\"https:\/\/cedhchiapas.org\/cedh\/wp-content\/uploads\/2026\/02\/Comision-Estatal-de-los-Derechos-Humanos-1-1-scaled.jpg\" alt=\"Comisi\u00f3n Estatal de los Derechos Humanos (1)\" \/><\/figure><\/div><div class=\"swiper-slide\" role=\"group\" aria-roledescription=\"slide\" aria-label=\"4 de 4\"><figure class=\"swiper-slide-inner\"><img decoding=\"async\" class=\"swiper-slide-image\" src=\"https:\/\/cedhchiapas.org\/cedh\/wp-content\/uploads\/2026\/02\/Comision-Estatal-de-los-Derechos-Humanos-scaled.jpg\" alt=\"Comisi\u00f3n Estatal de los Derechos Humanos\" \/><\/figure><\/div>\t\t\t<\/div>\n\t\t\t\t\t\t\t\t\t\t\t\t<div class=\"elementor-swiper-button elementor-swiper-button-prev\" role=\"button\" tabindex=\"0\">\n\t\t\t\t\t\t<i aria-hidden=\"true\" class=\"eicon-chevron-left\"><\/i>\t\t\t\t\t<\/div>\n\t\t\t\t\t<div class=\"elementor-swiper-button elementor-swiper-button-next\" role=\"button\" tabindex=\"0\">\n\t\t\t\t\t\t<i aria-hidden=\"true\" class=\"eicon-chevron-right\"><\/i>\t\t\t\t\t<\/div>\n\t\t\t\t\n\t\t\t\t\t\t\t\t\t<\/div>\n\t\t\t\t<\/div>\n\t\t\t\t<\/div>\n\t\t\t\t\t<\/div>\n\t\t<\/div>\n\t\t\t\t<div class=\"elementor-column elementor-col-16 elementor-top-column elementor-element elementor-element-40dabd5d\" data-id=\"40dabd5d\" data-element_type=\"column\">\n\t\t\t<div class=\"elementor-widget-wrap\">\n\t\t\t\t\t\t\t\t\t<\/div>\n\t\t<\/div>\n\t\t\t\t\t\t\t<\/div>\n\t\t<\/section>\n\t\t\t\t<section class=\"elementor-section elementor-top-section elementor-element elementor-element-b7eb28f elementor-section-boxed elementor-section-height-default elementor-section-height-default wpr-particle-no wpr-sticky-section-no\" data-id=\"b7eb28f\" data-element_type=\"section\">\n\t\t\t\t\t\t<div class=\"elementor-container elementor-column-gap-default\">\n\t\t\t\t\t<div class=\"elementor-column elementor-col-100 elementor-top-column elementor-element elementor-element-df1e57a\" data-id=\"df1e57a\" data-element_type=\"column\">\n\t\t\t<div class=\"elementor-widget-wrap elementor-element-populated\">\n\t\t\t\t\t\t\t\t<div class=\"elementor-element elementor-element-bd82197 elementor-widget elementor-widget-contentviews_widget_grid1\" data-id=\"bd82197\" data-element_type=\"widget\" data-widget_type=\"contentviews_widget_grid1.default\">\n\t\t\t\t<div class=\"elementor-widget-container\">\n\t\t\t<div class='pt-cv-wrapper'> <h1 class='pt-cv-heading-container heading1' data-blockid='bd82197'><span class='pt-cv-heading'> Encabezado <\/span><\/h1><div class=\"pt-cv-view pt-cv-blockgrid iscvblock iscvelementor grid1 layout1\" id=\"pt-cv-view-bd82197\"><div data-id=\"pt-cv-page-1\" class=\"pt-cv-page\" data-cvc=\"3\"><div class=\" pt-cv-content-item pt-cv-1-col\" ><div class=\"pt-cv-thumb-wrapper  \"><a href=\"https:\/\/cedhchiapas.org\/cedh\/%f0%9f%93%8dla-comision-estatal-de-los-derechos-humamos-encabezada-por-el-mtro-horacio-culebro-borryas-a-traves-de-de-la-visitadoria-general-especializada-en-atencion-de-asuntos-indigenas\/\" class=\"_self pt-cv-href-thumbnail pt-cv-thumb-default\" target=\"_self\" ><img loading=\"lazy\" decoding=\"async\" width=\"1024\" height=\"768\" src=\"https:\/\/cedhchiapas.org\/cedh\/wp-content\/uploads\/2026\/04\/WhatsApp-Image-2026-04-25-at-7.54.33-AM-1024x768.jpeg\" class=\"pt-cv-thumbnail\" alt=\"\" \/><\/a><\/div>\n<div class=\"pt-cv-taxoterm above_title\"><a href='https:\/\/cedhchiapas.org\/cedh\/category\/difusion\/' title='DIFUSI\u00d3N' class='pt-cv-tax-difusion'>DIFUSI\u00d3N<\/a><a href='https:\/\/cedhchiapas.org\/cedh\/category\/novedades\/' title='Novedades' class='pt-cv-tax-novedades'>Novedades<\/a><\/div>\n<h4 class=\"pt-cv-title\"><a href=\"https:\/\/cedhchiapas.org\/cedh\/%f0%9f%93%8dla-comision-estatal-de-los-derechos-humamos-encabezada-por-el-mtro-horacio-culebro-borryas-a-traves-de-de-la-visitadoria-general-especializada-en-atencion-de-asuntos-indigenas\/\" class=\"_self\" target=\"_self\" >\ud83d\udccdLa Comisi\u00f3n Estatal de los Derechos Humamos, encabezada por el Mtro. Horacio Culebro Borryas, a trav\u00e9s de de la Visitadoria General Especializada en Atenci\u00f3n de Asuntos Ind\u00edgenas<\/a><\/h4>\n<div class=\"pt-cv-content\">\ud83d\udccdLa Comisi\u00f3n Estatal de los Derechos Humamos, encabezada por el Mtro. Horacio Culebro Borryas, a trav\u00e9s de de la Visitadoria ...<\/div>\n<div class=\"pt-cv-rmwrap\"><a href=\"https:\/\/cedhchiapas.org\/cedh\/%f0%9f%93%8dla-comision-estatal-de-los-derechos-humamos-encabezada-por-el-mtro-horacio-culebro-borryas-a-traves-de-de-la-visitadoria-general-especializada-en-atencion-de-asuntos-indigenas\/\" class=\"_self pt-cv-readmore btn btn-success\" target=\"_self\" >Leer m\u00e1s<\/a><\/div>\n<div class=\"pt-cv-meta-fields\"><span class=\"entry-date\"> <time datetime=\"2026-04-27T13:46:59-06:00\">27\/04\/2026<\/time><\/span><span> \/ <\/span><span class=\"author\"> <a href=\"https:\/\/cedhchiapas.org\/cedh\/author\/comunicacion\/\" rel=\"author\">comunicacion<\/a><\/span><\/div><\/div>\n<div class=\" pt-cv-content-item pt-cv-1-col\" ><div class=\"pt-cv-thumb-wrapper  \"><a href=\"https:\/\/cedhchiapas.org\/cedh\/la-comision-estatal-de-los-derechos-humanos-de-chiapas-cedh-a-traves-de-la-visitaduria-general-especializada-en-atencion-de-asuntos-de-migrantes-acudio-a-la-invitacion-realizada-por-la-direccion-d\/\" class=\"_self pt-cv-href-thumbnail pt-cv-thumb-default\" target=\"_self\" ><img loading=\"lazy\" decoding=\"async\" width=\"843\" height=\"510\" src=\"https:\/\/cedhchiapas.org\/cedh\/wp-content\/uploads\/2026\/04\/680626884_1414514114045358_6429388430658701751_n.jpg\" class=\"pt-cv-thumbnail\" alt=\"\" \/><\/a><\/div>\n<div class=\"pt-cv-taxoterm above_title\"><a href='https:\/\/cedhchiapas.org\/cedh\/category\/difusion\/' title='DIFUSI\u00d3N' class='pt-cv-tax-difusion'>DIFUSI\u00d3N<\/a><a href='https:\/\/cedhchiapas.org\/cedh\/category\/novedades\/' title='Novedades' class='pt-cv-tax-novedades'>Novedades<\/a><\/div>\n<h4 class=\"pt-cv-title\"><a href=\"https:\/\/cedhchiapas.org\/cedh\/la-comision-estatal-de-los-derechos-humanos-de-chiapas-cedh-a-traves-de-la-visitaduria-general-especializada-en-atencion-de-asuntos-de-migrantes-acudio-a-la-invitacion-realizada-por-la-direccion-d\/\" class=\"_self\" target=\"_self\" >La Comisi\u00f3n Estatal de los Derechos Humanos de Chiapas (CEDH), a trav\u00e9s de la Visitadur\u00eda General Especializada en Atenci\u00f3n de Asuntos de Migrantes, acudi\u00f3 a la invitaci\u00f3n realizada por la Direcci\u00f3n de Asuntos Agrarios<\/a><\/h4>\n<div class=\"pt-cv-content\">La Comisi\u00f3n Estatal de los Derechos Humanos de Chiapas (CEDH), a trav\u00e9s de la Visitadur\u00eda General Especializada en Atenci\u00f3n de ...<\/div>\n<div class=\"pt-cv-rmwrap\"><a href=\"https:\/\/cedhchiapas.org\/cedh\/la-comision-estatal-de-los-derechos-humanos-de-chiapas-cedh-a-traves-de-la-visitaduria-general-especializada-en-atencion-de-asuntos-de-migrantes-acudio-a-la-invitacion-realizada-por-la-direccion-d\/\" class=\"_self pt-cv-readmore btn btn-success\" target=\"_self\" >Leer m\u00e1s<\/a><\/div>\n<div class=\"pt-cv-meta-fields\"><span class=\"entry-date\"> <time datetime=\"2026-04-27T11:25:34-06:00\">27\/04\/2026<\/time><\/span><span> \/ <\/span><span class=\"author\"> <a href=\"https:\/\/cedhchiapas.org\/cedh\/author\/comunicacion\/\" rel=\"author\">comunicacion<\/a><\/span><\/div><\/div>\n<div class=\" pt-cv-content-item pt-cv-1-col\" ><div class=\"pt-cv-thumb-wrapper  \"><a href=\"https:\/\/cedhchiapas.org\/cedh\/la-cedh-chiapas-a-traves-de-la-visitaduria-general-especializada-en-atencion-de-asuntos-de-migrantes\/\" class=\"_self pt-cv-href-thumbnail pt-cv-thumb-default\" target=\"_self\" ><img loading=\"lazy\" decoding=\"async\" width=\"721\" height=\"721\" src=\"https:\/\/cedhchiapas.org\/cedh\/wp-content\/uploads\/2026\/04\/682304452_1412846514212118_7713088874888765152_n.jpg\" class=\"pt-cv-thumbnail\" alt=\"\" \/><\/a><\/div>\n<div class=\"pt-cv-taxoterm above_title\"><a href='https:\/\/cedhchiapas.org\/cedh\/category\/difusion\/' title='DIFUSI\u00d3N' class='pt-cv-tax-difusion'>DIFUSI\u00d3N<\/a><a href='https:\/\/cedhchiapas.org\/cedh\/category\/novedades\/' title='Novedades' class='pt-cv-tax-novedades'>Novedades<\/a><\/div>\n<h4 class=\"pt-cv-title\"><a href=\"https:\/\/cedhchiapas.org\/cedh\/la-cedh-chiapas-a-traves-de-la-visitaduria-general-especializada-en-atencion-de-asuntos-de-migrantes\/\" class=\"_self\" target=\"_self\" >La CEDH Chiapas, a trav\u00e9s de la Visitadur\u00eda General Especializada en Atenci\u00f3n de Asuntos de Migrantes<\/a><\/h4>\n<div class=\"pt-cv-content\">La CEDH Chiapas, a trav\u00e9s de la Visitadur\u00eda General Especializada en Atenci\u00f3n de Asuntos de Migrantes, asisti\u00f3 a la marcha ...<\/div>\n<div class=\"pt-cv-rmwrap\"><a href=\"https:\/\/cedhchiapas.org\/cedh\/la-cedh-chiapas-a-traves-de-la-visitaduria-general-especializada-en-atencion-de-asuntos-de-migrantes\/\" class=\"_self pt-cv-readmore btn btn-success\" target=\"_self\" >Leer m\u00e1s<\/a><\/div>\n<div class=\"pt-cv-meta-fields\"><span class=\"entry-date\"> <time datetime=\"2026-04-27T11:20:25-06:00\">27\/04\/2026<\/time><\/span><span> \/ <\/span><span class=\"author\"> <a href=\"https:\/\/cedhchiapas.org\/cedh\/author\/comunicacion\/\" rel=\"author\">comunicacion<\/a><\/span><\/div><\/div>\n<div class=\" pt-cv-content-item pt-cv-1-col\" ><div class=\"pt-cv-thumb-wrapper  \"><a href=\"https:\/\/cedhchiapas.org\/cedh\/%f0%9f%93%8dla-cedh-de-chiapas-participo-en-la-segunda-reunion-del-comite-regional-de-salud-para-personas-en-contexto-de-movilidad\/\" class=\"_self pt-cv-href-thumbnail pt-cv-thumb-default\" target=\"_self\" ><img loading=\"lazy\" decoding=\"async\" width=\"1024\" height=\"537\" src=\"https:\/\/cedhchiapas.org\/cedh\/wp-content\/uploads\/2026\/04\/679882414_1412845407545562_8132872519539969250_n-1024x537.jpg\" class=\"pt-cv-thumbnail\" alt=\"\" \/><\/a><\/div>\n<div class=\"pt-cv-taxoterm above_title\"><a href='https:\/\/cedhchiapas.org\/cedh\/category\/difusion\/' title='DIFUSI\u00d3N' class='pt-cv-tax-difusion'>DIFUSI\u00d3N<\/a><a href='https:\/\/cedhchiapas.org\/cedh\/category\/novedades\/' title='Novedades' class='pt-cv-tax-novedades'>Novedades<\/a><\/div>\n<h4 class=\"pt-cv-title\"><a href=\"https:\/\/cedhchiapas.org\/cedh\/%f0%9f%93%8dla-cedh-de-chiapas-participo-en-la-segunda-reunion-del-comite-regional-de-salud-para-personas-en-contexto-de-movilidad\/\" class=\"_self\" target=\"_self\" >\ud83d\udccdLa CEDH de Chiapas particip\u00f3 en la Segunda Reuni\u00f3n del Comit\u00e9 Regional de Salud para Personas en Contexto de Movilidad&#8230;<\/a><\/h4>\n<div class=\"pt-cv-content\">\ud83d\udccdLa CEDH de Chiapas particip\u00f3 en la Segunda Reuni\u00f3n del Comit\u00e9 Regional de Salud para Personas en Contexto de Movilidad, ...<\/div>\n<div class=\"pt-cv-rmwrap\"><a href=\"https:\/\/cedhchiapas.org\/cedh\/%f0%9f%93%8dla-cedh-de-chiapas-participo-en-la-segunda-reunion-del-comite-regional-de-salud-para-personas-en-contexto-de-movilidad\/\" class=\"_self pt-cv-readmore btn btn-success\" target=\"_self\" >Leer m\u00e1s<\/a><\/div>\n<div class=\"pt-cv-meta-fields\"><span class=\"entry-date\"> <time datetime=\"2026-04-27T11:17:17-06:00\">27\/04\/2026<\/time><\/span><span> \/ <\/span><span class=\"author\"> <a href=\"https:\/\/cedhchiapas.org\/cedh\/author\/comunicacion\/\" rel=\"author\">comunicacion<\/a><\/span><\/div><\/div>\n<div class=\" pt-cv-content-item pt-cv-1-col\" ><div class=\"pt-cv-thumb-wrapper  \"><a href=\"https:\/\/cedhchiapas.org\/cedh\/%f0%9f%93%b1la-comision-estatal-de-los-derechos-humanos-de-chiapas-a-traves-de-la-visitaduria-general-especializada-en-atencion-de-asuntos-de-migrantes\/\" class=\"_self pt-cv-href-thumbnail pt-cv-thumb-default\" target=\"_self\" ><img loading=\"lazy\" decoding=\"async\" width=\"1024\" height=\"536\" src=\"https:\/\/cedhchiapas.org\/cedh\/wp-content\/uploads\/2026\/04\/678455920_1412653817564721_731190056546616253_n-1-1024x536.jpg\" class=\"pt-cv-thumbnail\" alt=\"\" \/><\/a><\/div>\n<div class=\"pt-cv-taxoterm above_title\"><a href='https:\/\/cedhchiapas.org\/cedh\/category\/difusion\/' title='DIFUSI\u00d3N' class='pt-cv-tax-difusion'>DIFUSI\u00d3N<\/a><a href='https:\/\/cedhchiapas.org\/cedh\/category\/novedades\/' title='Novedades' class='pt-cv-tax-novedades'>Novedades<\/a><\/div>\n<h4 class=\"pt-cv-title\"><a href=\"https:\/\/cedhchiapas.org\/cedh\/%f0%9f%93%b1la-comision-estatal-de-los-derechos-humanos-de-chiapas-a-traves-de-la-visitaduria-general-especializada-en-atencion-de-asuntos-de-migrantes\/\" class=\"_self\" target=\"_self\" >\ud83d\udcf1La Comisi\u00f3n Estatal de los Derechos Humanos de Chiapas, a trav\u00e9s de la Visitadur\u00eda General Especializada en Atenci\u00f3n de Asuntos de Migrantes<\/a><\/h4>\n<div class=\"pt-cv-content\">\ud83d\udcf1La Comisi\u00f3n Estatal de los Derechos Humanos de Chiapas, a trav\u00e9s de la Visitadur\u00eda General Especializada en Atenci\u00f3n de Asuntos ...<\/div>\n<div class=\"pt-cv-rmwrap\"><a href=\"https:\/\/cedhchiapas.org\/cedh\/%f0%9f%93%b1la-comision-estatal-de-los-derechos-humanos-de-chiapas-a-traves-de-la-visitaduria-general-especializada-en-atencion-de-asuntos-de-migrantes\/\" class=\"_self pt-cv-readmore btn btn-success\" target=\"_self\" >Leer m\u00e1s<\/a><\/div>\n<div class=\"pt-cv-meta-fields\"><span class=\"entry-date\"> <time datetime=\"2026-04-24T12:52:11-06:00\">24\/04\/2026<\/time><\/span><span> \/ <\/span><span class=\"author\"> <a href=\"https:\/\/cedhchiapas.org\/cedh\/author\/comunicacion\/\" rel=\"author\">comunicacion<\/a><\/span><\/div><\/div>\n<div class=\" pt-cv-content-item pt-cv-1-col\" ><div class=\"pt-cv-thumb-wrapper  \"><a href=\"https:\/\/cedhchiapas.org\/cedh\/%f0%9f%93%8cla-cdeh-chiapas-fortalece-la-cultura-de-prevencion-al-atender-las-recomendaciones-por-parte-de-la-lic-liliana-castillo-patricio-brigadista-de-la-sociedad-operadora-de-la-torre-chiapas\/\" class=\"_self pt-cv-href-thumbnail pt-cv-thumb-default\" target=\"_self\" ><img loading=\"lazy\" decoding=\"async\" width=\"1024\" height=\"666\" src=\"https:\/\/cedhchiapas.org\/cedh\/wp-content\/uploads\/2026\/04\/WhatsApp-Image-2026-04-24-at-9.33.56-AM-1024x666.jpeg\" class=\"pt-cv-thumbnail\" alt=\"\" \/><\/a><\/div>\n<div class=\"pt-cv-taxoterm above_title\"><a href='https:\/\/cedhchiapas.org\/cedh\/category\/difusion\/' title='DIFUSI\u00d3N' class='pt-cv-tax-difusion'>DIFUSI\u00d3N<\/a><a href='https:\/\/cedhchiapas.org\/cedh\/category\/novedades\/' title='Novedades' class='pt-cv-tax-novedades'>Novedades<\/a><\/div>\n<h4 class=\"pt-cv-title\"><a href=\"https:\/\/cedhchiapas.org\/cedh\/%f0%9f%93%8cla-cdeh-chiapas-fortalece-la-cultura-de-prevencion-al-atender-las-recomendaciones-por-parte-de-la-lic-liliana-castillo-patricio-brigadista-de-la-sociedad-operadora-de-la-torre-chiapas\/\" class=\"_self\" target=\"_self\" >\ud83d\udcccLa CDEH Chiapas fortalece la cultura de prevenci\u00f3n, al atender las recomendaciones por parte de la Lic. Liliana Castillo Patricio, brigadista de la Sociedad Operadora de la Torre Chiapas.<\/a><\/h4>\n<div class=\"pt-cv-content\">\ud83d\udcccLa CDEH Chiapas fortalece la cultura de prevenci\u00f3n, al atender las recomendaciones por parte de la Lic. Liliana Castillo Patricio, ...<\/div>\n<div class=\"pt-cv-rmwrap\"><a href=\"https:\/\/cedhchiapas.org\/cedh\/%f0%9f%93%8cla-cdeh-chiapas-fortalece-la-cultura-de-prevencion-al-atender-las-recomendaciones-por-parte-de-la-lic-liliana-castillo-patricio-brigadista-de-la-sociedad-operadora-de-la-torre-chiapas\/\" class=\"_self pt-cv-readmore btn btn-success\" target=\"_self\" >Leer m\u00e1s<\/a><\/div>\n<div class=\"pt-cv-meta-fields\"><span class=\"entry-date\"> <time datetime=\"2026-04-24T12:46:30-06:00\">24\/04\/2026<\/time><\/span><span> \/ <\/span><span class=\"author\"> <a href=\"https:\/\/cedhchiapas.org\/cedh\/author\/comunicacion\/\" rel=\"author\">comunicacion<\/a><\/span><\/div><\/div><\/div><\/div> <\/div> \t\t<\/div>\n\t\t\t\t<\/div>\n\t\t\t\t\t<\/div>\n\t\t<\/div>\n\t\t\t\t\t\t\t<\/div>\n\t\t<\/section>\n\t\t\t\t\t\t\t<\/div>\n\t\t","protected":false},"excerpt":{"rendered":"<p>\ud83d\udcccLa CDEH Chiapas fortalece la cultura de prevenci\u00f3n, al atender las recomendaciones por parte de la Lic. Liliana Castillo Patricio, brigadista de la Sociedad Operadora de la Torre Chiapas, y<\/p>\n","protected":false},"author":6,"featured_media":13927,"comment_status":"closed","ping_status":"open","sticky":false,"template":"","format":"standard","meta":{"_jetpack_memberships_contains_paid_content":false,"footnotes":""},"categories":[1,87],"tags":[],"jetpack_sharing_enabled":true,"jetpack_featured_media_url":"https:\/\/cedhchiapas.org\/cedh\/wp-content\/uploads\/2026\/02\/Comision-Estatal-de-los-Derechos-Humanos-1-2-scaled.jpg","_links":{"self":[{"href":"https:\/\/cedhchiapas.org\/cedh\/wp-json\/wp\/v2\/posts\/13919"}],"collection":[{"href":"https:\/\/cedhchiapas.org\/cedh\/wp-json\/wp\/v2\/posts"}],"about":[{"href":"https:\/\/cedhchiapas.org\/cedh\/wp-json\/wp\/v2\/types\/post"}],"author":[{"embeddable":true,"href":"https:\/\/cedhchiapas.org\/cedh\/wp-json\/wp\/v2\/users\/6"}],"replies":[{"embeddable":true,"href":"https:\/\/cedhchiapas.org\/cedh\/wp-json\/wp\/v2\/comments?post=13919"}],"version-history":[{"count":4,"href":"https:\/\/cedhchiapas.org\/cedh\/wp-json\/wp\/v2\/posts\/13919\/revisions"}],"predecessor-version":[{"id":13931,"href":"https:\/\/cedhchiapas.org\/cedh\/wp-json\/wp\/v2\/posts\/13919\/revisions\/13931"}],"wp:featuredmedia":[{"embeddable":true,"href":"https:\/\/cedhchiapas.org\/cedh\/wp-json\/wp\/v2\/media\/13927"}],"wp:attachment":[{"href":"https:\/\/cedhchiapas.org\/cedh\/wp-json\/wp\/v2\/media?parent=13919"}],"wp:term":[{"taxonomy":"category","embeddable":true,"href":"https:\/\/cedhchiapas.org\/cedh\/wp-json\/wp\/v2\/categories?post=13919"},{"taxonomy":"post_tag","embeddable":true,"href":"https:\/\/cedhchiapas.org\/cedh\/wp-json\/wp\/v2\/tags?post=13919"}],"curies":[{"name":"wp","href":"https:\/\/api.w.org\/{rel}","templated":true}]}}