{"id":13909,"date":"2026-02-20T08:18:49","date_gmt":"2026-02-20T14:18:49","guid":{"rendered":"https:\/\/cedhchiapas.org\/cedh\/?p=13909"},"modified":"2026-02-20T08:20:10","modified_gmt":"2026-02-20T14:20:10","slug":"%f0%9f%93%8d%f0%9f%93%b2-el-presidente-de-la-comision-estatal-de-los-derechos-humanos-de-chiapas-mtro-horacio-culebro-borrayas-acudio-como-invitado-especial-a-la-conmemoracion-del-dia-del-ejercito","status":"publish","type":"post","link":"https:\/\/cedhchiapas.org\/cedh\/%f0%9f%93%8d%f0%9f%93%b2-el-presidente-de-la-comision-estatal-de-los-derechos-humanos-de-chiapas-mtro-horacio-culebro-borrayas-acudio-como-invitado-especial-a-la-conmemoracion-del-dia-del-ejercito\/","title":{"rendered":"\ud83d\udccd\ud83d\udcf2 El presidente de la Comisi\u00f3n Estatal de los Derechos Humanos de Chiapas, Mtro. Horacio Culebro Borrayas, acudi\u00f3 como invitado especial a la conmemoraci\u00f3n del D\u00eda del Ej\u00e9rcito Mexicano, que tuvo su sede en las instalaciones de la VII Regi\u00f3n Militar en la ciudad capital."},"content":{"rendered":"\t\t<div data-elementor-type=\"wp-post\" data-elementor-id=\"13909\" class=\"elementor elementor-13909\">\n\t\t\t\t\t\t\t\t\t<section class=\"elementor-section elementor-top-section elementor-element elementor-element-6ae52cae elementor-section-boxed elementor-section-height-default elementor-section-height-default wpr-particle-no wpr-sticky-section-no\" data-id=\"6ae52cae\" data-element_type=\"section\">\n\t\t\t\t\t\t<div class=\"elementor-container elementor-column-gap-default\">\n\t\t\t\t\t<div class=\"elementor-column elementor-col-16 elementor-top-column elementor-element elementor-element-39336a73\" data-id=\"39336a73\" data-element_type=\"column\">\n\t\t\t<div class=\"elementor-widget-wrap\">\n\t\t\t\t\t\t\t\t\t<\/div>\n\t\t<\/div>\n\t\t\t\t<div class=\"elementor-column elementor-col-66 elementor-top-column elementor-element elementor-element-54fc19\" data-id=\"54fc19\" data-element_type=\"column\">\n\t\t\t<div class=\"elementor-widget-wrap elementor-element-populated\">\n\t\t\t\t\t\t\t\t<div class=\"elementor-element elementor-element-235d8cac elementor-widget elementor-widget-spacer\" data-id=\"235d8cac\" data-element_type=\"widget\" data-widget_type=\"spacer.default\">\n\t\t\t\t<div class=\"elementor-widget-container\">\n\t\t\t\t\t<div class=\"elementor-spacer\">\n\t\t\t<div class=\"elementor-spacer-inner\"><\/div>\n\t\t<\/div>\n\t\t\t\t<\/div>\n\t\t\t\t<\/div>\n\t\t\t\t<div class=\"elementor-element elementor-element-1ec4967c elementor-widget elementor-widget-text-editor\" data-id=\"1ec4967c\" data-element_type=\"widget\" data-widget_type=\"text-editor.default\">\n\t\t\t\t<div class=\"elementor-widget-container\">\n\t\t\t\t\t\t\t<h5>\ud83d\udccd\ud83d\udcf2 El presidente de la Comisi\u00f3n Estatal de los Derechos Humanos de Chiapas, Mtro. Horacio Culebro Borrayas, acudi\u00f3 como invitado especial a la conmemoraci\u00f3n del D\u00eda del Ej\u00e9rcito Mexicano, que tuvo su sede en las instalaciones de la VII Regi\u00f3n Militar en la ciudad capital.<\/h5><h5><br \/>Durante el desarrollo del evento se reconoci\u00f3 la labor que realizan las fuerzas armadas en la defensa del territorio, la soberan\u00eda y la seguridad interior del pa\u00eds.<\/h5><h5><br \/>Por su parte, el Ombudsperson agradeci\u00f3 al General de Divisi\u00f3n E.M Alejandro Vargas Gonz\u00e1lez, Comandante de la VII Regi\u00f3n Militar por la invitaci\u00f3n a tan importante evento manifestando la importancia de la cercan\u00eda de ambas instituciones en la defensa y protecci\u00f3n de los derechos humanos de la poblaci\u00f3n chiapaneca.<\/h5><h5><br \/>#TuxtlaGutierrezChiapas #Chiapas #CEDHChiapas #DDHH #DerechosHumanos @fans destacados @seguidores #destacar<\/h5>\t\t\t\t\t\t<\/div>\n\t\t\t\t<\/div>\n\t\t\t\t<div class=\"elementor-element elementor-element-7f11782a elementor-arrows-position-inside elementor-widget elementor-widget-image-carousel\" data-id=\"7f11782a\" data-element_type=\"widget\" data-settings=\"{&quot;slides_to_show&quot;:&quot;1&quot;,&quot;navigation&quot;:&quot;arrows&quot;,&quot;autoplay&quot;:&quot;yes&quot;,&quot;pause_on_hover&quot;:&quot;yes&quot;,&quot;pause_on_interaction&quot;:&quot;yes&quot;,&quot;autoplay_speed&quot;:5000,&quot;infinite&quot;:&quot;yes&quot;,&quot;effect&quot;:&quot;slide&quot;,&quot;speed&quot;:500}\" data-widget_type=\"image-carousel.default\">\n\t\t\t\t<div class=\"elementor-widget-container\">\n\t\t\t\t\t<div class=\"elementor-image-carousel-wrapper swiper-container\" dir=\"ltr\">\n\t\t\t<div class=\"elementor-image-carousel swiper-wrapper\" aria-live=\"off\">\n\t\t\t\t\t\t\t\t<div class=\"swiper-slide\" role=\"group\" aria-roledescription=\"slide\" aria-label=\"1 de 4\"><figure class=\"swiper-slide-inner\"><img decoding=\"async\" class=\"swiper-slide-image\" src=\"https:\/\/cedhchiapas.org\/cedh\/wp-content\/uploads\/2026\/02\/639476184_1351178920378878_8609395502849527855_n.jpg\" alt=\"639476184_1351178920378878_8609395502849527855_n\" \/><\/figure><\/div><div class=\"swiper-slide\" role=\"group\" aria-roledescription=\"slide\" aria-label=\"2 de 4\"><figure class=\"swiper-slide-inner\"><img decoding=\"async\" class=\"swiper-slide-image\" src=\"https:\/\/cedhchiapas.org\/cedh\/wp-content\/uploads\/2026\/02\/637885281_1351178863712217_249251269831180215_n.jpg\" alt=\"637885281_1351178863712217_249251269831180215_n\" \/><\/figure><\/div><div class=\"swiper-slide\" role=\"group\" aria-roledescription=\"slide\" aria-label=\"3 de 4\"><figure class=\"swiper-slide-inner\"><img decoding=\"async\" class=\"swiper-slide-image\" src=\"https:\/\/cedhchiapas.org\/cedh\/wp-content\/uploads\/2026\/02\/638218223_1351178873712216_2266398362268536201_n.jpg\" alt=\"638218223_1351178873712216_2266398362268536201_n\" \/><\/figure><\/div><div class=\"swiper-slide\" role=\"group\" aria-roledescription=\"slide\" aria-label=\"4 de 4\"><figure class=\"swiper-slide-inner\"><img decoding=\"async\" class=\"swiper-slide-image\" src=\"https:\/\/cedhchiapas.org\/cedh\/wp-content\/uploads\/2026\/02\/639464251_1351178837045553_1617422730150153802_n.jpg\" alt=\"639464251_1351178837045553_1617422730150153802_n\" \/><\/figure><\/div>\t\t\t<\/div>\n\t\t\t\t\t\t\t\t\t\t\t\t<div class=\"elementor-swiper-button elementor-swiper-button-prev\" role=\"button\" tabindex=\"0\">\n\t\t\t\t\t\t<i aria-hidden=\"true\" class=\"eicon-chevron-left\"><\/i>\t\t\t\t\t<\/div>\n\t\t\t\t\t<div class=\"elementor-swiper-button elementor-swiper-button-next\" role=\"button\" tabindex=\"0\">\n\t\t\t\t\t\t<i aria-hidden=\"true\" class=\"eicon-chevron-right\"><\/i>\t\t\t\t\t<\/div>\n\t\t\t\t\n\t\t\t\t\t\t\t\t\t<\/div>\n\t\t\t\t<\/div>\n\t\t\t\t<\/div>\n\t\t\t\t\t<\/div>\n\t\t<\/div>\n\t\t\t\t<div class=\"elementor-column elementor-col-16 elementor-top-column elementor-element elementor-element-142c6b3a\" data-id=\"142c6b3a\" data-element_type=\"column\">\n\t\t\t<div class=\"elementor-widget-wrap\">\n\t\t\t\t\t\t\t\t\t<\/div>\n\t\t<\/div>\n\t\t\t\t\t\t\t<\/div>\n\t\t<\/section>\n\t\t\t\t\t\t\t<\/div>\n\t\t","protected":false},"excerpt":{"rendered":"<p>\ud83d\udccd\ud83d\udcf2 El presidente de la Comisi\u00f3n Estatal de los Derechos Humanos de Chiapas, Mtro. Horacio Culebro Borrayas, acudi\u00f3 como invitado especial a la conmemoraci\u00f3n del D\u00eda del Ej\u00e9rcito Mexicano, que<\/p>\n","protected":false},"author":6,"featured_media":13911,"comment_status":"closed","ping_status":"open","sticky":false,"template":"","format":"standard","meta":{"_jetpack_memberships_contains_paid_content":false,"footnotes":""},"categories":[1,87],"tags":[],"jetpack_sharing_enabled":true,"jetpack_featured_media_url":"https:\/\/cedhchiapas.org\/cedh\/wp-content\/uploads\/2026\/02\/637885281_1351178863712217_249251269831180215_n.jpg","_links":{"self":[{"href":"https:\/\/cedhchiapas.org\/cedh\/wp-json\/wp\/v2\/posts\/13909"}],"collection":[{"href":"https:\/\/cedhchiapas.org\/cedh\/wp-json\/wp\/v2\/posts"}],"about":[{"href":"https:\/\/cedhchiapas.org\/cedh\/wp-json\/wp\/v2\/types\/post"}],"author":[{"embeddable":true,"href":"https:\/\/cedhchiapas.org\/cedh\/wp-json\/wp\/v2\/users\/6"}],"replies":[{"embeddable":true,"href":"https:\/\/cedhchiapas.org\/cedh\/wp-json\/wp\/v2\/comments?post=13909"}],"version-history":[{"count":4,"href":"https:\/\/cedhchiapas.org\/cedh\/wp-json\/wp\/v2\/posts\/13909\/revisions"}],"predecessor-version":[{"id":13917,"href":"https:\/\/cedhchiapas.org\/cedh\/wp-json\/wp\/v2\/posts\/13909\/revisions\/13917"}],"wp:featuredmedia":[{"embeddable":true,"href":"https:\/\/cedhchiapas.org\/cedh\/wp-json\/wp\/v2\/media\/13911"}],"wp:attachment":[{"href":"https:\/\/cedhchiapas.org\/cedh\/wp-json\/wp\/v2\/media?parent=13909"}],"wp:term":[{"taxonomy":"category","embeddable":true,"href":"https:\/\/cedhchiapas.org\/cedh\/wp-json\/wp\/v2\/categories?post=13909"},{"taxonomy":"post_tag","embeddable":true,"href":"https:\/\/cedhchiapas.org\/cedh\/wp-json\/wp\/v2\/tags?post=13909"}],"curies":[{"name":"wp","href":"https:\/\/api.w.org\/{rel}","templated":true}]}}