{"id":13900,"date":"2026-02-19T12:16:56","date_gmt":"2026-02-19T18:16:56","guid":{"rendered":"https:\/\/cedhchiapas.org\/cedh\/?p=13900"},"modified":"2026-02-19T12:40:41","modified_gmt":"2026-02-19T18:40:41","slug":"%f0%9f%93%8c%f0%9f%93%b2la-comision-estatal-de-los-derechos-humanos-asistio-como-invitada-a-la-cuarta-jornada-por-la-paz-que-organiza-la-coordinacion-de-paz-y-seguridad-ii-que-ahora-tuvo-como-sede-l","status":"publish","type":"post","link":"https:\/\/cedhchiapas.org\/cedh\/%f0%9f%93%8c%f0%9f%93%b2la-comision-estatal-de-los-derechos-humanos-asistio-como-invitada-a-la-cuarta-jornada-por-la-paz-que-organiza-la-coordinacion-de-paz-y-seguridad-ii-que-ahora-tuvo-como-sede-l\/","title":{"rendered":"\ud83d\udccc\ud83d\udcf2La Comisi\u00f3n Estatal de los Derechos Humanos asisti\u00f3 como invitada a la cuarta jornada por la paz, que organiza la Coordinaci\u00f3n de Paz y Seguridad II, que ahora tuvo como sede la cabecera municipal de Frontera Comalapa, con el tema \u201cAmor por la Paz\u201d"},"content":{"rendered":"\t\t<div data-elementor-type=\"wp-post\" data-elementor-id=\"13900\" class=\"elementor elementor-13900\">\n\t\t\t\t\t\t\t\t\t<section class=\"elementor-section elementor-top-section elementor-element elementor-element-7a759666 elementor-section-boxed elementor-section-height-default elementor-section-height-default wpr-particle-no wpr-sticky-section-no\" data-id=\"7a759666\" data-element_type=\"section\">\n\t\t\t\t\t\t<div class=\"elementor-container elementor-column-gap-default\">\n\t\t\t\t\t<div class=\"elementor-column elementor-col-16 elementor-top-column elementor-element elementor-element-4153a90f\" data-id=\"4153a90f\" data-element_type=\"column\">\n\t\t\t<div class=\"elementor-widget-wrap\">\n\t\t\t\t\t\t\t\t\t<\/div>\n\t\t<\/div>\n\t\t\t\t<div class=\"elementor-column elementor-col-66 elementor-top-column elementor-element elementor-element-534c64e6\" data-id=\"534c64e6\" data-element_type=\"column\">\n\t\t\t<div class=\"elementor-widget-wrap elementor-element-populated\">\n\t\t\t\t\t\t\t\t<div class=\"elementor-element elementor-element-35a7fe53 elementor-widget elementor-widget-spacer\" data-id=\"35a7fe53\" data-element_type=\"widget\" data-widget_type=\"spacer.default\">\n\t\t\t\t<div class=\"elementor-widget-container\">\n\t\t\t\t\t<div class=\"elementor-spacer\">\n\t\t\t<div class=\"elementor-spacer-inner\"><\/div>\n\t\t<\/div>\n\t\t\t\t<\/div>\n\t\t\t\t<\/div>\n\t\t\t\t<div class=\"elementor-element elementor-element-61ce3daf elementor-widget elementor-widget-text-editor\" data-id=\"61ce3daf\" data-element_type=\"widget\" data-widget_type=\"text-editor.default\">\n\t\t\t\t<div class=\"elementor-widget-container\">\n\t\t\t\t\t\t\t<h5>\ud83d\udccc\ud83d\udcf2La Comisi\u00f3n Estatal de los Derechos Humanos asisti\u00f3 como invitada a la cuarta jornada por la paz, que organiza la Coordinaci\u00f3n de Paz y Seguridad II, que ahora tuvo como sede la cabecera municipal de Frontera Comalapa, con el tema \u201cAmor por la Paz\u201d cuyo objetivo es fortalecer la presencia de organismos que ayuden a evitar delitos.<\/h5><h5>\u00a0 <br \/>Cientos de alumnos del Centro de Estudios Tecnol\u00f3gicos Industrial y de Servicios 136, con sede en Frontera Comalapa escucharon con atenci\u00f3n la serie de pl\u00e1ticas ofrecidas por los visitantes en temas de seguridad, prevenci\u00f3n y derechos humanos.<br \/>La CEDH estuvo representada en esta ocasi\u00f3n por el Mtro. Pedro Alberto Z\u00fa\u00f1iga Pinto, Visitador Adjunto Regional en Comit\u00e1n. Participaron tambi\u00e9n los presidentes municipales de Frontera Comalapa, Marly Trejo Posada y Venustiano Carranza, Augusto Borraz.<\/h5><h5><br \/>Con estas acciones, la CEDH manifiesta su inter\u00e9s de participar en las convocatorias de las autoridades para aportar en la b\u00fasqueda de la paz, la seguridad y el bienestar de todas las y los chiapanecos.<\/h5><h5><br \/>#Derechoshumanos #DDHH #Chiapas #TuxtlaGutierrezChiapas #comitandedominguez #destacar<\/h5>\t\t\t\t\t\t<\/div>\n\t\t\t\t<\/div>\n\t\t\t\t<div class=\"elementor-element elementor-element-59b14e92 elementor-arrows-position-inside elementor-widget elementor-widget-image-carousel\" data-id=\"59b14e92\" data-element_type=\"widget\" data-settings=\"{&quot;slides_to_show&quot;:&quot;1&quot;,&quot;navigation&quot;:&quot;arrows&quot;,&quot;autoplay&quot;:&quot;yes&quot;,&quot;pause_on_hover&quot;:&quot;yes&quot;,&quot;pause_on_interaction&quot;:&quot;yes&quot;,&quot;autoplay_speed&quot;:5000,&quot;infinite&quot;:&quot;yes&quot;,&quot;effect&quot;:&quot;slide&quot;,&quot;speed&quot;:500}\" data-widget_type=\"image-carousel.default\">\n\t\t\t\t<div class=\"elementor-widget-container\">\n\t\t\t\t\t<div class=\"elementor-image-carousel-wrapper swiper-container\" dir=\"ltr\">\n\t\t\t<div class=\"elementor-image-carousel swiper-wrapper\" aria-live=\"off\">\n\t\t\t\t\t\t\t\t<div class=\"swiper-slide\" role=\"group\" aria-roledescription=\"slide\" aria-label=\"1 de 3\"><figure class=\"swiper-slide-inner\"><img decoding=\"async\" class=\"swiper-slide-image\" src=\"https:\/\/cedhchiapas.org\/cedh\/wp-content\/uploads\/2026\/02\/Diseno-sin-titulo-8.jpg\" alt=\"Dise\u00f1o sin t\u00edtulo (8)\" \/><\/figure><\/div><div class=\"swiper-slide\" role=\"group\" aria-roledescription=\"slide\" aria-label=\"2 de 3\"><figure class=\"swiper-slide-inner\"><img decoding=\"async\" class=\"swiper-slide-image\" src=\"https:\/\/cedhchiapas.org\/cedh\/wp-content\/uploads\/2026\/02\/Comision-Estatal-de-los-Derechos-Humanos-2-scaled.jpg\" alt=\"Comisi\u00f3n Estatal de los Derechos Humanos (2)\" \/><\/figure><\/div><div class=\"swiper-slide\" role=\"group\" aria-roledescription=\"slide\" aria-label=\"3 de 3\"><figure class=\"swiper-slide-inner\"><img decoding=\"async\" class=\"swiper-slide-image\" src=\"https:\/\/cedhchiapas.org\/cedh\/wp-content\/uploads\/2026\/02\/Comision-Estatal-de-los-Derechos-Humanos-1-scaled.jpg\" alt=\"Comisi\u00f3n Estatal de los Derechos Humanos (1)\" \/><\/figure><\/div>\t\t\t<\/div>\n\t\t\t\t\t\t\t\t\t\t\t\t<div class=\"elementor-swiper-button elementor-swiper-button-prev\" role=\"button\" tabindex=\"0\">\n\t\t\t\t\t\t<i aria-hidden=\"true\" class=\"eicon-chevron-left\"><\/i>\t\t\t\t\t<\/div>\n\t\t\t\t\t<div class=\"elementor-swiper-button elementor-swiper-button-next\" role=\"button\" tabindex=\"0\">\n\t\t\t\t\t\t<i aria-hidden=\"true\" class=\"eicon-chevron-right\"><\/i>\t\t\t\t\t<\/div>\n\t\t\t\t\n\t\t\t\t\t\t\t\t\t<\/div>\n\t\t\t\t<\/div>\n\t\t\t\t<\/div>\n\t\t\t\t\t<\/div>\n\t\t<\/div>\n\t\t\t\t<div class=\"elementor-column elementor-col-16 elementor-top-column elementor-element elementor-element-6ea50fa6\" data-id=\"6ea50fa6\" data-element_type=\"column\">\n\t\t\t<div class=\"elementor-widget-wrap\">\n\t\t\t\t\t\t\t\t\t<\/div>\n\t\t<\/div>\n\t\t\t\t\t\t\t<\/div>\n\t\t<\/section>\n\t\t\t\t\t\t\t<\/div>\n\t\t","protected":false},"excerpt":{"rendered":"<p>\ud83d\udccc\ud83d\udcf2La Comisi\u00f3n Estatal de los Derechos Humanos asisti\u00f3 como invitada a la cuarta jornada por la paz, que organiza la Coordinaci\u00f3n de Paz y Seguridad II, que ahora tuvo como<\/p>\n","protected":false},"author":6,"featured_media":13904,"comment_status":"closed","ping_status":"open","sticky":false,"template":"","format":"standard","meta":{"_jetpack_memberships_contains_paid_content":false,"footnotes":""},"categories":[1,87],"tags":[],"jetpack_sharing_enabled":true,"jetpack_featured_media_url":"https:\/\/cedhchiapas.org\/cedh\/wp-content\/uploads\/2026\/02\/Comision-Estatal-de-los-Derechos-Humanos-1-scaled.jpg","_links":{"self":[{"href":"https:\/\/cedhchiapas.org\/cedh\/wp-json\/wp\/v2\/posts\/13900"}],"collection":[{"href":"https:\/\/cedhchiapas.org\/cedh\/wp-json\/wp\/v2\/posts"}],"about":[{"href":"https:\/\/cedhchiapas.org\/cedh\/wp-json\/wp\/v2\/types\/post"}],"author":[{"embeddable":true,"href":"https:\/\/cedhchiapas.org\/cedh\/wp-json\/wp\/v2\/users\/6"}],"replies":[{"embeddable":true,"href":"https:\/\/cedhchiapas.org\/cedh\/wp-json\/wp\/v2\/comments?post=13900"}],"version-history":[{"count":4,"href":"https:\/\/cedhchiapas.org\/cedh\/wp-json\/wp\/v2\/posts\/13900\/revisions"}],"predecessor-version":[{"id":13907,"href":"https:\/\/cedhchiapas.org\/cedh\/wp-json\/wp\/v2\/posts\/13900\/revisions\/13907"}],"wp:featuredmedia":[{"embeddable":true,"href":"https:\/\/cedhchiapas.org\/cedh\/wp-json\/wp\/v2\/media\/13904"}],"wp:attachment":[{"href":"https:\/\/cedhchiapas.org\/cedh\/wp-json\/wp\/v2\/media?parent=13900"}],"wp:term":[{"taxonomy":"category","embeddable":true,"href":"https:\/\/cedhchiapas.org\/cedh\/wp-json\/wp\/v2\/categories?post=13900"},{"taxonomy":"post_tag","embeddable":true,"href":"https:\/\/cedhchiapas.org\/cedh\/wp-json\/wp\/v2\/tags?post=13900"}],"curies":[{"name":"wp","href":"https:\/\/api.w.org\/{rel}","templated":true}]}}