{"id":13382,"date":"2025-12-19T12:26:07","date_gmt":"2025-12-19T18:26:07","guid":{"rendered":"https:\/\/cedhchiapas.org\/cedh\/?p=13382"},"modified":"2025-12-19T12:27:50","modified_gmt":"2025-12-19T18:27:50","slug":"%f0%9f%93%8c%f0%9f%93%b2la-comision-estatal-de-los-derechos-humanos-cedh-chiapas-a-traves-de-su-visitaduria-adjunta-regional-en-comitan-llevo-a-cabo-el-segundo-curso-de-capacitacion-los-d","status":"publish","type":"post","link":"https:\/\/cedhchiapas.org\/cedh\/%f0%9f%93%8c%f0%9f%93%b2la-comision-estatal-de-los-derechos-humanos-cedh-chiapas-a-traves-de-su-visitaduria-adjunta-regional-en-comitan-llevo-a-cabo-el-segundo-curso-de-capacitacion-los-d\/","title":{"rendered":"\ud83d\udccc\ud83d\udcf2La Comisi\u00f3n Estatal de los Derechos Humanos (CEDH) Chiapas, a trav\u00e9s de su Visitadur\u00eda Adjunta Regional en Comit\u00e1n, llev\u00f3 a cabo el Segundo Curso de Capacitaci\u00f3n \u201cLos Derechos Humanos en el \u00c1mbito Educativo\u201d"},"content":{"rendered":"\t\t<div data-elementor-type=\"wp-post\" data-elementor-id=\"13382\" class=\"elementor elementor-13382\">\n\t\t\t\t\t\t\t\t\t<section class=\"elementor-section elementor-top-section elementor-element elementor-element-77e751fd elementor-section-boxed elementor-section-height-default elementor-section-height-default wpr-particle-no wpr-sticky-section-no\" data-id=\"77e751fd\" data-element_type=\"section\">\n\t\t\t\t\t\t<div class=\"elementor-container elementor-column-gap-default\">\n\t\t\t\t\t<div class=\"elementor-column elementor-col-16 elementor-top-column elementor-element elementor-element-2b2ef04f\" data-id=\"2b2ef04f\" data-element_type=\"column\">\n\t\t\t<div class=\"elementor-widget-wrap\">\n\t\t\t\t\t\t\t\t\t<\/div>\n\t\t<\/div>\n\t\t\t\t<div class=\"elementor-column elementor-col-66 elementor-top-column elementor-element elementor-element-c3574a5\" data-id=\"c3574a5\" data-element_type=\"column\">\n\t\t\t<div class=\"elementor-widget-wrap elementor-element-populated\">\n\t\t\t\t\t\t\t\t<div class=\"elementor-element elementor-element-70303ac5 elementor-widget elementor-widget-spacer\" data-id=\"70303ac5\" data-element_type=\"widget\" data-widget_type=\"spacer.default\">\n\t\t\t\t<div class=\"elementor-widget-container\">\n\t\t\t\t\t<div class=\"elementor-spacer\">\n\t\t\t<div class=\"elementor-spacer-inner\"><\/div>\n\t\t<\/div>\n\t\t\t\t<\/div>\n\t\t\t\t<\/div>\n\t\t\t\t<div class=\"elementor-element elementor-element-602dbf90 elementor-widget elementor-widget-text-editor\" data-id=\"602dbf90\" data-element_type=\"widget\" data-widget_type=\"text-editor.default\">\n\t\t\t\t<div class=\"elementor-widget-container\">\n\t\t\t\t\t\t\t<h5>\ud83d\udccc\ud83d\udcf2La Comisi\u00f3n Estatal de los Derechos Humanos (CEDH) Chiapas, a trav\u00e9s de su Visitadur\u00eda Adjunta Regional en Comit\u00e1n, llev\u00f3 a cabo el Segundo Curso de Capacitaci\u00f3n \u201cLos Derechos Humanos en el \u00c1mbito Educativo\u201d, dirigido a docentes y personal administrativo de la Escuela Preparatoria del Estado \u201cComit\u00e1n\u201d, actividad a cargo del Visitador Adjunto Regional, Maestro Pedro Alberto Z\u00fa\u00f1iga Pinto, y que cont\u00f3 con la presencia del Lic. Manuel Alejandro Rom\u00e1n Moreno, Delegado Regional de Escuelas Federalizadas.<\/h5><h5><br \/>Esta capacitaci\u00f3n representa una acci\u00f3n relevante en la dotaci\u00f3n de herramientas que permitan a maestras, maestros y personal administrativo orientar el proceso educativo bajo lineamientos respetuosos de los derechos humanos, promoviendo entornos escolares seguros, inclusivos y libres de cualquier forma de discriminaci\u00f3n o violencia, estuvo dirigida a inspectores y directores de los niveles secundaria general, del estado y federal, secundarias t\u00e9cnicas, telesecundarias y medio superior, que comprenden los municipios de Maravilla Tenejapa, La Trinitaria, La Independencia, Las Margaritas, Tzimol, Las Rosas, Socoltenango y Comit\u00e1n.<\/h5><h5><br \/>En este sentido, la CEDH Chiapas, presidida por el Maestro Horacio Culebro Borrayas, hace hincapi\u00e9 en que la educaci\u00f3n con enfoque de derechos humanos es fundamental para la formaci\u00f3n integral de las y los estudiantes, as\u00ed como para el fortalecimiento de una cultura de paz, respeto y legalidad desde las aulas.<\/h5><h5><br \/>Finalmente, la Comisi\u00f3n reiter\u00f3 su compromiso de continuar impulsando acciones de capacitaci\u00f3n y sensibilizaci\u00f3n en los centros educativos del estado, con el objetivo de consolidar pr\u00e1cticas pedag\u00f3gicas que garanticen el pleno respeto, protecci\u00f3n y promoci\u00f3n de los derechos humanos de ni\u00f1as, ni\u00f1os y adolescentes.<\/h5><h5><br \/>#CEDHChiapas #DerechosHumanos #comitandedominguez #Chiapas<\/h5>\t\t\t\t\t\t<\/div>\n\t\t\t\t<\/div>\n\t\t\t\t<div class=\"elementor-element elementor-element-359b4441 elementor-arrows-position-inside elementor-widget elementor-widget-image-carousel\" data-id=\"359b4441\" data-element_type=\"widget\" data-settings=\"{&quot;slides_to_show&quot;:&quot;1&quot;,&quot;navigation&quot;:&quot;arrows&quot;,&quot;autoplay&quot;:&quot;yes&quot;,&quot;pause_on_hover&quot;:&quot;yes&quot;,&quot;pause_on_interaction&quot;:&quot;yes&quot;,&quot;autoplay_speed&quot;:5000,&quot;infinite&quot;:&quot;yes&quot;,&quot;effect&quot;:&quot;slide&quot;,&quot;speed&quot;:500}\" data-widget_type=\"image-carousel.default\">\n\t\t\t\t<div class=\"elementor-widget-container\">\n\t\t\t\t\t<div class=\"elementor-image-carousel-wrapper swiper-container\" dir=\"ltr\">\n\t\t\t<div class=\"elementor-image-carousel swiper-wrapper\" aria-live=\"off\">\n\t\t\t\t\t\t\t\t<div class=\"swiper-slide\" role=\"group\" aria-roledescription=\"slide\" aria-label=\"1 de 3\"><figure class=\"swiper-slide-inner\"><img decoding=\"async\" class=\"swiper-slide-image\" src=\"https:\/\/cedhchiapas.org\/cedh\/wp-content\/uploads\/2025\/12\/Diseno-sin-titulo-4-1.jpg\" alt=\"Dise\u00f1o sin t\u00edtulo (4)\" \/><\/figure><\/div><div class=\"swiper-slide\" role=\"group\" aria-roledescription=\"slide\" aria-label=\"2 de 3\"><figure class=\"swiper-slide-inner\"><img decoding=\"async\" class=\"swiper-slide-image\" src=\"https:\/\/cedhchiapas.org\/cedh\/wp-content\/uploads\/2025\/12\/602911040_1292214986275272_3564054487640683444_n.jpg\" alt=\"602911040_1292214986275272_3564054487640683444_n\" \/><\/figure><\/div><div class=\"swiper-slide\" role=\"group\" aria-roledescription=\"slide\" aria-label=\"3 de 3\"><figure class=\"swiper-slide-inner\"><img decoding=\"async\" class=\"swiper-slide-image\" src=\"https:\/\/cedhchiapas.org\/cedh\/wp-content\/uploads\/2025\/12\/601831858_1292215012941936_5376460536175166774_n.jpg\" alt=\"601831858_1292215012941936_5376460536175166774_n\" \/><\/figure><\/div>\t\t\t<\/div>\n\t\t\t\t\t\t\t\t\t\t\t\t<div class=\"elementor-swiper-button elementor-swiper-button-prev\" role=\"button\" tabindex=\"0\">\n\t\t\t\t\t\t<i aria-hidden=\"true\" class=\"eicon-chevron-left\"><\/i>\t\t\t\t\t<\/div>\n\t\t\t\t\t<div class=\"elementor-swiper-button elementor-swiper-button-next\" role=\"button\" tabindex=\"0\">\n\t\t\t\t\t\t<i aria-hidden=\"true\" class=\"eicon-chevron-right\"><\/i>\t\t\t\t\t<\/div>\n\t\t\t\t\n\t\t\t\t\t\t\t\t\t<\/div>\n\t\t\t\t<\/div>\n\t\t\t\t<\/div>\n\t\t\t\t\t<\/div>\n\t\t<\/div>\n\t\t\t\t<div class=\"elementor-column elementor-col-16 elementor-top-column elementor-element elementor-element-2a35de04\" data-id=\"2a35de04\" data-element_type=\"column\">\n\t\t\t<div class=\"elementor-widget-wrap\">\n\t\t\t\t\t\t\t\t\t<\/div>\n\t\t<\/div>\n\t\t\t\t\t\t\t<\/div>\n\t\t<\/section>\n\t\t\t\t\t\t\t<\/div>\n\t\t","protected":false},"excerpt":{"rendered":"<p>\ud83d\udccc\ud83d\udcf2La Comisi\u00f3n Estatal de los Derechos Humanos (CEDH) Chiapas, a trav\u00e9s de su Visitadur\u00eda Adjunta Regional en Comit\u00e1n, llev\u00f3 a cabo el Segundo Curso de Capacitaci\u00f3n \u201cLos Derechos Humanos en<\/p>\n","protected":false},"author":6,"featured_media":13385,"comment_status":"closed","ping_status":"open","sticky":false,"template":"","format":"standard","meta":{"_jetpack_memberships_contains_paid_content":false,"footnotes":""},"categories":[1,87],"tags":[],"jetpack_sharing_enabled":true,"jetpack_featured_media_url":"https:\/\/cedhchiapas.org\/cedh\/wp-content\/uploads\/2025\/12\/601831858_1292215012941936_5376460536175166774_n.jpg","_links":{"self":[{"href":"https:\/\/cedhchiapas.org\/cedh\/wp-json\/wp\/v2\/posts\/13382"}],"collection":[{"href":"https:\/\/cedhchiapas.org\/cedh\/wp-json\/wp\/v2\/posts"}],"about":[{"href":"https:\/\/cedhchiapas.org\/cedh\/wp-json\/wp\/v2\/types\/post"}],"author":[{"embeddable":true,"href":"https:\/\/cedhchiapas.org\/cedh\/wp-json\/wp\/v2\/users\/6"}],"replies":[{"embeddable":true,"href":"https:\/\/cedhchiapas.org\/cedh\/wp-json\/wp\/v2\/comments?post=13382"}],"version-history":[{"count":4,"href":"https:\/\/cedhchiapas.org\/cedh\/wp-json\/wp\/v2\/posts\/13382\/revisions"}],"predecessor-version":[{"id":13389,"href":"https:\/\/cedhchiapas.org\/cedh\/wp-json\/wp\/v2\/posts\/13382\/revisions\/13389"}],"wp:featuredmedia":[{"embeddable":true,"href":"https:\/\/cedhchiapas.org\/cedh\/wp-json\/wp\/v2\/media\/13385"}],"wp:attachment":[{"href":"https:\/\/cedhchiapas.org\/cedh\/wp-json\/wp\/v2\/media?parent=13382"}],"wp:term":[{"taxonomy":"category","embeddable":true,"href":"https:\/\/cedhchiapas.org\/cedh\/wp-json\/wp\/v2\/categories?post=13382"},{"taxonomy":"post_tag","embeddable":true,"href":"https:\/\/cedhchiapas.org\/cedh\/wp-json\/wp\/v2\/tags?post=13382"}],"curies":[{"name":"wp","href":"https:\/\/api.w.org\/{rel}","templated":true}]}}