{"id":13373,"date":"2025-12-19T12:21:42","date_gmt":"2025-12-19T18:21:42","guid":{"rendered":"https:\/\/cedhchiapas.org\/cedh\/?p=13373"},"modified":"2025-12-19T12:22:28","modified_gmt":"2025-12-19T18:22:28","slug":"%f0%9f%93%8cla-cedh-chiapas-estuvo-presente-en-la-delimitacion-del-parque-nacional-lagunas-de-montebello","status":"publish","type":"post","link":"https:\/\/cedhchiapas.org\/cedh\/%f0%9f%93%8cla-cedh-chiapas-estuvo-presente-en-la-delimitacion-del-parque-nacional-lagunas-de-montebello\/","title":{"rendered":"\ud83d\udcccLa CEDH Chiapas estuvo presente en la delimitaci\u00f3n del Parque Nacional Lagunas de Montebello"},"content":{"rendered":"\t\t<div data-elementor-type=\"wp-post\" data-elementor-id=\"13373\" class=\"elementor elementor-13373\">\n\t\t\t\t\t\t\t\t\t<section class=\"elementor-section elementor-top-section elementor-element elementor-element-1c071e36 elementor-section-boxed elementor-section-height-default elementor-section-height-default wpr-particle-no wpr-sticky-section-no\" data-id=\"1c071e36\" data-element_type=\"section\">\n\t\t\t\t\t\t<div class=\"elementor-container elementor-column-gap-default\">\n\t\t\t\t\t<div class=\"elementor-column elementor-col-16 elementor-top-column elementor-element elementor-element-4ff0369\" data-id=\"4ff0369\" data-element_type=\"column\">\n\t\t\t<div class=\"elementor-widget-wrap\">\n\t\t\t\t\t\t\t\t\t<\/div>\n\t\t<\/div>\n\t\t\t\t<div class=\"elementor-column elementor-col-66 elementor-top-column elementor-element elementor-element-58c2600\" data-id=\"58c2600\" data-element_type=\"column\">\n\t\t\t<div class=\"elementor-widget-wrap elementor-element-populated\">\n\t\t\t\t\t\t\t\t<div class=\"elementor-element elementor-element-580bb535 elementor-widget elementor-widget-spacer\" data-id=\"580bb535\" data-element_type=\"widget\" data-widget_type=\"spacer.default\">\n\t\t\t\t<div class=\"elementor-widget-container\">\n\t\t\t\t\t<div class=\"elementor-spacer\">\n\t\t\t<div class=\"elementor-spacer-inner\"><\/div>\n\t\t<\/div>\n\t\t\t\t<\/div>\n\t\t\t\t<\/div>\n\t\t\t\t<div class=\"elementor-element elementor-element-3af63733 elementor-widget elementor-widget-text-editor\" data-id=\"3af63733\" data-element_type=\"widget\" data-widget_type=\"text-editor.default\">\n\t\t\t\t<div class=\"elementor-widget-container\">\n\t\t\t\t\t\t\t<h5>\ud83d\udcccLa CEDH Chiapas estuvo presente en la delimitaci\u00f3n del Parque Nacional Lagunas de Montebello, En el marco del 66 aniversario de esta \u00c1rea Natural Protegida. Por instrucci\u00f3n del Presidente, Maestro Horacio Culebro Borrayas, el Visitador Adjunto Regional, Maestro Pedro Alberto Z\u00fa\u00f1iga Pinto cumpli\u00f3 el objetivo de contribuir a la atenci\u00f3n y soluci\u00f3n de la problem\u00e1tica social en la que se encuentran involucradas las comunidades de Tziscao y El Refugio.<\/h5><h5><br \/>Durante estas acciones se cont\u00f3 con la presencia del encargado del Parque Nacional Lagunas de Montebello, del Subsecretario de Gobierno, Andr\u00e9s Carballo, el Lic. Horacio Corzo, Director de Gobierno de la Secretar\u00eda de Gobierno y Mediaci\u00f3n, as\u00ed como de personal forestal, quienes realizaron el cercado y la delimitaci\u00f3n del pol\u00edgono mediante un sistema georreferenciado, garantizando precisi\u00f3n t\u00e9cnica y certeza en los trabajos efectuados.<\/h5><h5><br \/>Asimismo, para salvaguardar la integridad de las personas participantes y mantener el orden durante el desarrollo de la jornada, se dispuso de seguridad perimetral, con la participaci\u00f3n de elementos de la Guardia Estatal Preventiva, la Fuerza de Reacci\u00f3n Inmediata Pakal, as\u00ed como personal de Protecci\u00f3n Civil, quienes permanecieron atentos ante cualquier eventualidad.<\/h5><h5><br \/>La CEDH Chiapas refrenda su compromiso institucional con el di\u00e1logo, la legalidad y la protecci\u00f3n de los derechos humanos en el manejo y preservaci\u00f3n del territorio.<\/h5><h5><br \/>#CEDHChiapas #DerechosHumanos #comitandedominguez<\/h5>\t\t\t\t\t\t<\/div>\n\t\t\t\t<\/div>\n\t\t\t\t<div class=\"elementor-element elementor-element-3b6af173 elementor-arrows-position-inside elementor-widget elementor-widget-image-carousel\" data-id=\"3b6af173\" data-element_type=\"widget\" data-settings=\"{&quot;slides_to_show&quot;:&quot;1&quot;,&quot;navigation&quot;:&quot;arrows&quot;,&quot;autoplay&quot;:&quot;yes&quot;,&quot;pause_on_hover&quot;:&quot;yes&quot;,&quot;pause_on_interaction&quot;:&quot;yes&quot;,&quot;autoplay_speed&quot;:5000,&quot;infinite&quot;:&quot;yes&quot;,&quot;effect&quot;:&quot;slide&quot;,&quot;speed&quot;:500}\" data-widget_type=\"image-carousel.default\">\n\t\t\t\t<div class=\"elementor-widget-container\">\n\t\t\t\t\t<div class=\"elementor-image-carousel-wrapper swiper-container\" dir=\"ltr\">\n\t\t\t<div class=\"elementor-image-carousel swiper-wrapper\" aria-live=\"off\">\n\t\t\t\t\t\t\t\t<div class=\"swiper-slide\" role=\"group\" aria-roledescription=\"slide\" aria-label=\"1 de 3\"><figure class=\"swiper-slide-inner\"><img decoding=\"async\" class=\"swiper-slide-image\" src=\"https:\/\/cedhchiapas.org\/cedh\/wp-content\/uploads\/2025\/12\/601394200_1292196136277157_7440228488838133249_n.jpg\" alt=\"601394200_1292196136277157_7440228488838133249_n\" \/><\/figure><\/div><div class=\"swiper-slide\" role=\"group\" aria-roledescription=\"slide\" aria-label=\"2 de 3\"><figure class=\"swiper-slide-inner\"><img decoding=\"async\" class=\"swiper-slide-image\" src=\"https:\/\/cedhchiapas.org\/cedh\/wp-content\/uploads\/2025\/12\/601929760_1292196166277154_4201886886641721172_n.jpg\" alt=\"601929760_1292196166277154_4201886886641721172_n\" \/><\/figure><\/div><div class=\"swiper-slide\" role=\"group\" aria-roledescription=\"slide\" aria-label=\"3 de 3\"><figure class=\"swiper-slide-inner\"><img decoding=\"async\" class=\"swiper-slide-image\" src=\"https:\/\/cedhchiapas.org\/cedh\/wp-content\/uploads\/2025\/12\/602967329_1292196176277153_5703129100036768519_n.jpg\" alt=\"602967329_1292196176277153_5703129100036768519_n\" \/><\/figure><\/div>\t\t\t<\/div>\n\t\t\t\t\t\t\t\t\t\t\t\t<div class=\"elementor-swiper-button elementor-swiper-button-prev\" role=\"button\" tabindex=\"0\">\n\t\t\t\t\t\t<i aria-hidden=\"true\" class=\"eicon-chevron-left\"><\/i>\t\t\t\t\t<\/div>\n\t\t\t\t\t<div class=\"elementor-swiper-button elementor-swiper-button-next\" role=\"button\" tabindex=\"0\">\n\t\t\t\t\t\t<i aria-hidden=\"true\" class=\"eicon-chevron-right\"><\/i>\t\t\t\t\t<\/div>\n\t\t\t\t\n\t\t\t\t\t\t\t\t\t<\/div>\n\t\t\t\t<\/div>\n\t\t\t\t<\/div>\n\t\t\t\t\t<\/div>\n\t\t<\/div>\n\t\t\t\t<div class=\"elementor-column elementor-col-16 elementor-top-column elementor-element elementor-element-34866241\" data-id=\"34866241\" data-element_type=\"column\">\n\t\t\t<div class=\"elementor-widget-wrap\">\n\t\t\t\t\t\t\t\t\t<\/div>\n\t\t<\/div>\n\t\t\t\t\t\t\t<\/div>\n\t\t<\/section>\n\t\t\t\t\t\t\t<\/div>\n\t\t","protected":false},"excerpt":{"rendered":"<p>\ud83d\udcccLa CEDH Chiapas estuvo presente en la delimitaci\u00f3n del Parque Nacional Lagunas de Montebello, En el marco del 66 aniversario de esta \u00c1rea Natural Protegida. Por instrucci\u00f3n del Presidente, Maestro<\/p>\n","protected":false},"author":6,"featured_media":13375,"comment_status":"closed","ping_status":"open","sticky":false,"template":"","format":"standard","meta":{"_jetpack_memberships_contains_paid_content":false,"footnotes":""},"categories":[1,87],"tags":[],"jetpack_sharing_enabled":true,"jetpack_featured_media_url":"https:\/\/cedhchiapas.org\/cedh\/wp-content\/uploads\/2025\/12\/601929760_1292196166277154_4201886886641721172_n.jpg","_links":{"self":[{"href":"https:\/\/cedhchiapas.org\/cedh\/wp-json\/wp\/v2\/posts\/13373"}],"collection":[{"href":"https:\/\/cedhchiapas.org\/cedh\/wp-json\/wp\/v2\/posts"}],"about":[{"href":"https:\/\/cedhchiapas.org\/cedh\/wp-json\/wp\/v2\/types\/post"}],"author":[{"embeddable":true,"href":"https:\/\/cedhchiapas.org\/cedh\/wp-json\/wp\/v2\/users\/6"}],"replies":[{"embeddable":true,"href":"https:\/\/cedhchiapas.org\/cedh\/wp-json\/wp\/v2\/comments?post=13373"}],"version-history":[{"count":4,"href":"https:\/\/cedhchiapas.org\/cedh\/wp-json\/wp\/v2\/posts\/13373\/revisions"}],"predecessor-version":[{"id":13380,"href":"https:\/\/cedhchiapas.org\/cedh\/wp-json\/wp\/v2\/posts\/13373\/revisions\/13380"}],"wp:featuredmedia":[{"embeddable":true,"href":"https:\/\/cedhchiapas.org\/cedh\/wp-json\/wp\/v2\/media\/13375"}],"wp:attachment":[{"href":"https:\/\/cedhchiapas.org\/cedh\/wp-json\/wp\/v2\/media?parent=13373"}],"wp:term":[{"taxonomy":"category","embeddable":true,"href":"https:\/\/cedhchiapas.org\/cedh\/wp-json\/wp\/v2\/categories?post=13373"},{"taxonomy":"post_tag","embeddable":true,"href":"https:\/\/cedhchiapas.org\/cedh\/wp-json\/wp\/v2\/tags?post=13373"}],"curies":[{"name":"wp","href":"https:\/\/api.w.org\/{rel}","templated":true}]}}