{"id":12839,"date":"2025-11-06T18:41:00","date_gmt":"2025-11-07T00:41:00","guid":{"rendered":"https:\/\/cedhchiapas.org\/cedh\/?p=12839"},"modified":"2025-11-07T11:50:41","modified_gmt":"2025-11-07T17:50:41","slug":"%f0%9f%93%8c-el-conversatorio-tejer-dialogos-defender-derechos-se-llevo-a-cabo-en-la-sala-blanca-de-la-comision-estatal-de-los-derechos-humanos-donde-se-conto-con-la-presencia-de-l","status":"publish","type":"post","link":"https:\/\/cedhchiapas.org\/cedh\/%f0%9f%93%8c-el-conversatorio-tejer-dialogos-defender-derechos-se-llevo-a-cabo-en-la-sala-blanca-de-la-comision-estatal-de-los-derechos-humanos-donde-se-conto-con-la-presencia-de-l\/","title":{"rendered":"\ud83d\udccc El conversatorio \u201cTejer Di\u00e1logos, Defender Derechos\u201d se llev\u00f3 a cabo en la sala Blanca de la Comisi\u00f3n Estatal de los Derechos Humanos, donde se cont\u00f3 con la presencia de la Diputada Diana Riba I Giner, Vicepresidenta primera del Parlamento Europeo y del presidente del Centro de Derechos Humanos Fray Bartolom\u00e9 de Las Casas"},"content":{"rendered":"\t\t<div data-elementor-type=\"wp-post\" data-elementor-id=\"12839\" class=\"elementor elementor-12839\">\n\t\t\t\t\t\t\t\t\t<section class=\"elementor-section elementor-top-section elementor-element elementor-element-2ad5ac5b elementor-section-boxed elementor-section-height-default elementor-section-height-default wpr-particle-no wpr-sticky-section-no\" data-id=\"2ad5ac5b\" data-element_type=\"section\">\n\t\t\t\t\t\t<div class=\"elementor-container elementor-column-gap-default\">\n\t\t\t\t\t<div class=\"elementor-column elementor-col-16 elementor-top-column elementor-element elementor-element-54c2b3e2\" data-id=\"54c2b3e2\" data-element_type=\"column\">\n\t\t\t<div class=\"elementor-widget-wrap\">\n\t\t\t\t\t\t\t\t\t<\/div>\n\t\t<\/div>\n\t\t\t\t<div class=\"elementor-column elementor-col-66 elementor-top-column elementor-element elementor-element-1cd8e43b\" data-id=\"1cd8e43b\" data-element_type=\"column\">\n\t\t\t<div class=\"elementor-widget-wrap elementor-element-populated\">\n\t\t\t\t\t\t\t\t<div class=\"elementor-element elementor-element-3724a079 elementor-widget elementor-widget-spacer\" data-id=\"3724a079\" data-element_type=\"widget\" data-widget_type=\"spacer.default\">\n\t\t\t\t<div class=\"elementor-widget-container\">\n\t\t\t\t\t<div class=\"elementor-spacer\">\n\t\t\t<div class=\"elementor-spacer-inner\"><\/div>\n\t\t<\/div>\n\t\t\t\t<\/div>\n\t\t\t\t<\/div>\n\t\t\t\t<div class=\"elementor-element elementor-element-1cb1aec5 elementor-widget elementor-widget-text-editor\" data-id=\"1cb1aec5\" data-element_type=\"widget\" data-widget_type=\"text-editor.default\">\n\t\t\t\t<div class=\"elementor-widget-container\">\n\t\t\t\t\t\t\t<h5>\ud83d\udccc El conversatorio \u201cTejer Di\u00e1logos, Defender Derechos\u201d se llev\u00f3 a cabo en la sala Blanca de la Comisi\u00f3n Estatal de los Derechos Humanos, donde se cont\u00f3 con la presencia de la Diputada Diana Riba I Giner, Vicepresidenta primera del Parlamento Europeo y del presidente del Centro de Derechos Humanos Fray Bartolom\u00e9 de Las Casas, obispo em\u00e9rito de la Di\u00f3cesis de Saltillo, Fray Ra\u00fal Vera L\u00f3pez, quienes dialogaron con el Mtro. Horacio Culebro Borrayas, sobre la cooperaci\u00f3n internacional como local en protecci\u00f3n de Derechos Humanos. <br \/>En este encuentro ambos representantes reconocieron la labor de esta comisi\u00f3n por trabajar todos los d\u00edas para proteger los derechos humanos de todas y todos los chiapanecos, en cada rinc\u00f3n del estado.<br \/>#CEDHChiapas #Chiapas #Uni\u00f3nEuropea #DerechosHumanos<\/h5>\t\t\t\t\t\t<\/div>\n\t\t\t\t<\/div>\n\t\t\t\t<div class=\"elementor-element elementor-element-89e0632 elementor-arrows-position-inside elementor-widget elementor-widget-image-carousel\" data-id=\"89e0632\" data-element_type=\"widget\" data-settings=\"{&quot;slides_to_show&quot;:&quot;1&quot;,&quot;navigation&quot;:&quot;arrows&quot;,&quot;autoplay&quot;:&quot;yes&quot;,&quot;pause_on_hover&quot;:&quot;yes&quot;,&quot;pause_on_interaction&quot;:&quot;yes&quot;,&quot;autoplay_speed&quot;:5000,&quot;infinite&quot;:&quot;yes&quot;,&quot;effect&quot;:&quot;slide&quot;,&quot;speed&quot;:500}\" data-widget_type=\"image-carousel.default\">\n\t\t\t\t<div class=\"elementor-widget-container\">\n\t\t\t\t\t<div class=\"elementor-image-carousel-wrapper swiper-container\" dir=\"ltr\">\n\t\t\t<div class=\"elementor-image-carousel swiper-wrapper\" aria-live=\"off\">\n\t\t\t\t\t\t\t\t<div class=\"swiper-slide\" role=\"group\" aria-roledescription=\"slide\" aria-label=\"1 de 2\"><figure class=\"swiper-slide-inner\"><img decoding=\"async\" class=\"swiper-slide-image\" src=\"https:\/\/cedhchiapas.org\/cedh\/wp-content\/uploads\/2025\/11\/576293313_1253665410130230_4420982745686081258_n.jpg\" alt=\"576293313_1253665410130230_4420982745686081258_n\" \/><\/figure><\/div><div class=\"swiper-slide\" role=\"group\" aria-roledescription=\"slide\" aria-label=\"2 de 2\"><figure class=\"swiper-slide-inner\"><img decoding=\"async\" class=\"swiper-slide-image\" src=\"https:\/\/cedhchiapas.org\/cedh\/wp-content\/uploads\/2025\/11\/577021824_1253665396796898_2872192617968452835_n.jpg\" alt=\"577021824_1253665396796898_2872192617968452835_n\" \/><\/figure><\/div>\t\t\t<\/div>\n\t\t\t\t\t\t\t\t\t\t\t\t<div class=\"elementor-swiper-button elementor-swiper-button-prev\" role=\"button\" tabindex=\"0\">\n\t\t\t\t\t\t<i aria-hidden=\"true\" class=\"eicon-chevron-left\"><\/i>\t\t\t\t\t<\/div>\n\t\t\t\t\t<div class=\"elementor-swiper-button elementor-swiper-button-next\" role=\"button\" tabindex=\"0\">\n\t\t\t\t\t\t<i aria-hidden=\"true\" class=\"eicon-chevron-right\"><\/i>\t\t\t\t\t<\/div>\n\t\t\t\t\n\t\t\t\t\t\t\t\t\t<\/div>\n\t\t\t\t<\/div>\n\t\t\t\t<\/div>\n\t\t\t\t\t<\/div>\n\t\t<\/div>\n\t\t\t\t<div class=\"elementor-column elementor-col-16 elementor-top-column elementor-element elementor-element-19cd5844\" data-id=\"19cd5844\" data-element_type=\"column\">\n\t\t\t<div class=\"elementor-widget-wrap\">\n\t\t\t\t\t\t\t\t\t<\/div>\n\t\t<\/div>\n\t\t\t\t\t\t\t<\/div>\n\t\t<\/section>\n\t\t\t\t\t\t\t<\/div>\n\t\t","protected":false},"excerpt":{"rendered":"<p>\ud83d\udccc El conversatorio \u201cTejer Di\u00e1logos, Defender Derechos\u201d se llev\u00f3 a cabo en la sala Blanca de la Comisi\u00f3n Estatal de los Derechos Humanos, donde se cont\u00f3 con la presencia de<\/p>\n","protected":false},"author":6,"featured_media":12841,"comment_status":"closed","ping_status":"open","sticky":false,"template":"","format":"standard","meta":{"_jetpack_memberships_contains_paid_content":false,"footnotes":""},"categories":[1,87],"tags":[],"jetpack_sharing_enabled":true,"jetpack_featured_media_url":"https:\/\/cedhchiapas.org\/cedh\/wp-content\/uploads\/2025\/11\/577021824_1253665396796898_2872192617968452835_n.jpg","_links":{"self":[{"href":"https:\/\/cedhchiapas.org\/cedh\/wp-json\/wp\/v2\/posts\/12839"}],"collection":[{"href":"https:\/\/cedhchiapas.org\/cedh\/wp-json\/wp\/v2\/posts"}],"about":[{"href":"https:\/\/cedhchiapas.org\/cedh\/wp-json\/wp\/v2\/types\/post"}],"author":[{"embeddable":true,"href":"https:\/\/cedhchiapas.org\/cedh\/wp-json\/wp\/v2\/users\/6"}],"replies":[{"embeddable":true,"href":"https:\/\/cedhchiapas.org\/cedh\/wp-json\/wp\/v2\/comments?post=12839"}],"version-history":[{"count":4,"href":"https:\/\/cedhchiapas.org\/cedh\/wp-json\/wp\/v2\/posts\/12839\/revisions"}],"predecessor-version":[{"id":12845,"href":"https:\/\/cedhchiapas.org\/cedh\/wp-json\/wp\/v2\/posts\/12839\/revisions\/12845"}],"wp:featuredmedia":[{"embeddable":true,"href":"https:\/\/cedhchiapas.org\/cedh\/wp-json\/wp\/v2\/media\/12841"}],"wp:attachment":[{"href":"https:\/\/cedhchiapas.org\/cedh\/wp-json\/wp\/v2\/media?parent=12839"}],"wp:term":[{"taxonomy":"category","embeddable":true,"href":"https:\/\/cedhchiapas.org\/cedh\/wp-json\/wp\/v2\/categories?post=12839"},{"taxonomy":"post_tag","embeddable":true,"href":"https:\/\/cedhchiapas.org\/cedh\/wp-json\/wp\/v2\/tags?post=12839"}],"curies":[{"name":"wp","href":"https:\/\/api.w.org\/{rel}","templated":true}]}}