{"id":12807,"date":"2025-11-06T15:13:02","date_gmt":"2025-11-06T21:13:02","guid":{"rendered":"https:\/\/cedhchiapas.org\/cedh\/?p=12807"},"modified":"2025-11-06T15:15:51","modified_gmt":"2025-11-06T21:15:51","slug":"%f0%9f%93%8c-recibe-la-cedh-chiapas-la-visita-de-la-plataforma-por-la-paz-y-los-derechos-humanos-mexico-union-europea-durante-el-conversatorio-tejer-dialogos-defender-derechos","status":"publish","type":"post","link":"https:\/\/cedhchiapas.org\/cedh\/%f0%9f%93%8c-recibe-la-cedh-chiapas-la-visita-de-la-plataforma-por-la-paz-y-los-derechos-humanos-mexico-union-europea-durante-el-conversatorio-tejer-dialogos-defender-derechos\/","title":{"rendered":"\ud83d\udccc Recibe la CEDH Chiapas la visita de la Plataforma por la Paz y los Derechos Humanos M\u00e9xico \u2013 Uni\u00f3n Europea durante el conversatorio \u201cTejer Di\u00e1logos, Defender Derechos\u201d en el marco del proyecto \u201cCooperaci\u00f3n MX\u201d"},"content":{"rendered":"\t\t<div data-elementor-type=\"wp-post\" data-elementor-id=\"12807\" class=\"elementor elementor-12807\">\n\t\t\t\t\t\t\t\t\t<section class=\"elementor-section elementor-top-section elementor-element elementor-element-1f943c2e elementor-section-boxed elementor-section-height-default elementor-section-height-default wpr-particle-no wpr-sticky-section-no\" data-id=\"1f943c2e\" data-element_type=\"section\">\n\t\t\t\t\t\t<div class=\"elementor-container elementor-column-gap-default\">\n\t\t\t\t\t<div class=\"elementor-column elementor-col-16 elementor-top-column elementor-element elementor-element-5477fb60\" data-id=\"5477fb60\" data-element_type=\"column\">\n\t\t\t<div class=\"elementor-widget-wrap\">\n\t\t\t\t\t\t\t\t\t<\/div>\n\t\t<\/div>\n\t\t\t\t<div class=\"elementor-column elementor-col-66 elementor-top-column elementor-element elementor-element-460a7635\" data-id=\"460a7635\" data-element_type=\"column\">\n\t\t\t<div class=\"elementor-widget-wrap elementor-element-populated\">\n\t\t\t\t\t\t\t\t<div class=\"elementor-element elementor-element-14d584d2 elementor-widget elementor-widget-spacer\" data-id=\"14d584d2\" data-element_type=\"widget\" data-widget_type=\"spacer.default\">\n\t\t\t\t<div class=\"elementor-widget-container\">\n\t\t\t\t\t<div class=\"elementor-spacer\">\n\t\t\t<div class=\"elementor-spacer-inner\"><\/div>\n\t\t<\/div>\n\t\t\t\t<\/div>\n\t\t\t\t<\/div>\n\t\t\t\t<div class=\"elementor-element elementor-element-411c8194 elementor-widget elementor-widget-text-editor\" data-id=\"411c8194\" data-element_type=\"widget\" data-widget_type=\"text-editor.default\">\n\t\t\t\t<div class=\"elementor-widget-container\">\n\t\t\t\t\t\t\t<h5>\ud83d\udccc Recibe la CEDH Chiapas la visita de la Plataforma por la Paz y los Derechos Humanos M\u00e9xico \u2013 Uni\u00f3n Europea durante el conversatorio \u201cTejer Di\u00e1logos, Defender Derechos\u201d en el marco del proyecto \u201cCooperaci\u00f3n MX\u201d, entre los visitantes hubo parlamentarios, integrantes de instituciones de acci\u00f3n exterior y cooperaci\u00f3n internacional, la academia, el \u00e1mbito cultural y activistas de la sociedad civil europea, quienes sostuvieron una reuni\u00f3n de trabajo con el Presidente de la Comisi\u00f3n de los Derechos Humanos, Mtro. Horacio Culebro Borrayas y el cuerpo de Visitantes Generales Especializados de esta Comisi\u00f3n.<\/h5><h5><br \/>Durante la sesi\u00f3n los temas que se trataron fueron: compartir del \u00e1mbito local, experiencias en la atenci\u00f3n a las causas de la violencia, responsabilidad global en las causas de la violencia, atenci\u00f3n a v\u00edctimas, protecci\u00f3n a personas defensoras de derechos humanos, temas que competen a esta Comisi\u00f3n. El objetivo de la Plataforma por la Paz es acompa\u00f1ar la labor de organizaciones y personas defensoras de derechos humanos, aprender de los esfuerzos y compromisos para tejer y fortalecer la red en M\u00e9xico y enriquecerla con lo que hacen en Europa.<br \/>#CEDHChiapas #DDHH #DerechosHumanos<\/h5>\t\t\t\t\t\t<\/div>\n\t\t\t\t<\/div>\n\t\t\t\t<div class=\"elementor-element elementor-element-6c3d0b8a elementor-arrows-position-inside elementor-widget elementor-widget-image-carousel\" data-id=\"6c3d0b8a\" data-element_type=\"widget\" data-settings=\"{&quot;slides_to_show&quot;:&quot;1&quot;,&quot;navigation&quot;:&quot;arrows&quot;,&quot;autoplay&quot;:&quot;yes&quot;,&quot;pause_on_hover&quot;:&quot;yes&quot;,&quot;pause_on_interaction&quot;:&quot;yes&quot;,&quot;autoplay_speed&quot;:5000,&quot;infinite&quot;:&quot;yes&quot;,&quot;effect&quot;:&quot;slide&quot;,&quot;speed&quot;:500}\" data-widget_type=\"image-carousel.default\">\n\t\t\t\t<div class=\"elementor-widget-container\">\n\t\t\t\t\t<div class=\"elementor-image-carousel-wrapper swiper-container\" dir=\"ltr\">\n\t\t\t<div class=\"elementor-image-carousel swiper-wrapper\" aria-live=\"off\">\n\t\t\t\t\t\t\t\t<div class=\"swiper-slide\" role=\"group\" aria-roledescription=\"slide\" aria-label=\"1 de 6\"><figure class=\"swiper-slide-inner\"><img decoding=\"async\" class=\"swiper-slide-image\" src=\"https:\/\/cedhchiapas.org\/cedh\/wp-content\/uploads\/2025\/11\/WhatsApp-Image-2025-11-06-at-1.56.59-PM.jpeg\" alt=\"WhatsApp Image 2025-11-06 at 1.56.59 PM\" \/><\/figure><\/div><div class=\"swiper-slide\" role=\"group\" aria-roledescription=\"slide\" aria-label=\"2 de 6\"><figure class=\"swiper-slide-inner\"><img decoding=\"async\" class=\"swiper-slide-image\" src=\"https:\/\/cedhchiapas.org\/cedh\/wp-content\/uploads\/2025\/11\/WhatsApp-Image-2025-11-06-at-1.58.53-PM.jpeg\" alt=\"WhatsApp Image 2025-11-06 at 1.58.53 PM\" \/><\/figure><\/div><div class=\"swiper-slide\" role=\"group\" aria-roledescription=\"slide\" aria-label=\"3 de 6\"><figure class=\"swiper-slide-inner\"><img decoding=\"async\" class=\"swiper-slide-image\" src=\"https:\/\/cedhchiapas.org\/cedh\/wp-content\/uploads\/2025\/11\/WhatsApp-Image-2025-11-06-at-1.58.26-PM.jpeg\" alt=\"WhatsApp Image 2025-11-06 at 1.58.26 PM\" \/><\/figure><\/div><div class=\"swiper-slide\" role=\"group\" aria-roledescription=\"slide\" aria-label=\"4 de 6\"><figure class=\"swiper-slide-inner\"><img decoding=\"async\" class=\"swiper-slide-image\" src=\"https:\/\/cedhchiapas.org\/cedh\/wp-content\/uploads\/2025\/11\/WhatsApp-Image-2025-11-06-at-1.58.01-PM.jpeg\" alt=\"WhatsApp Image 2025-11-06 at 1.58.01 PM\" \/><\/figure><\/div><div class=\"swiper-slide\" role=\"group\" aria-roledescription=\"slide\" aria-label=\"5 de 6\"><figure class=\"swiper-slide-inner\"><img decoding=\"async\" class=\"swiper-slide-image\" src=\"https:\/\/cedhchiapas.org\/cedh\/wp-content\/uploads\/2025\/11\/WhatsApp-Image-2025-11-06-at-1.57.44-PM.jpeg\" alt=\"WhatsApp Image 2025-11-06 at 1.57.44 PM\" \/><\/figure><\/div><div class=\"swiper-slide\" role=\"group\" aria-roledescription=\"slide\" aria-label=\"6 de 6\"><figure class=\"swiper-slide-inner\"><img decoding=\"async\" class=\"swiper-slide-image\" src=\"https:\/\/cedhchiapas.org\/cedh\/wp-content\/uploads\/2025\/11\/WhatsApp-Image-2025-11-06-at-1.57.27-PM.jpeg\" alt=\"WhatsApp Image 2025-11-06 at 1.57.27 PM\" \/><\/figure><\/div>\t\t\t<\/div>\n\t\t\t\t\t\t\t\t\t\t\t\t<div class=\"elementor-swiper-button elementor-swiper-button-prev\" role=\"button\" tabindex=\"0\">\n\t\t\t\t\t\t<i aria-hidden=\"true\" class=\"eicon-chevron-left\"><\/i>\t\t\t\t\t<\/div>\n\t\t\t\t\t<div class=\"elementor-swiper-button elementor-swiper-button-next\" role=\"button\" tabindex=\"0\">\n\t\t\t\t\t\t<i aria-hidden=\"true\" class=\"eicon-chevron-right\"><\/i>\t\t\t\t\t<\/div>\n\t\t\t\t\n\t\t\t\t\t\t\t\t\t<\/div>\n\t\t\t\t<\/div>\n\t\t\t\t<\/div>\n\t\t\t\t\t<\/div>\n\t\t<\/div>\n\t\t\t\t<div class=\"elementor-column elementor-col-16 elementor-top-column elementor-element elementor-element-50d95bd7\" data-id=\"50d95bd7\" data-element_type=\"column\">\n\t\t\t<div class=\"elementor-widget-wrap\">\n\t\t\t\t\t\t\t\t\t<\/div>\n\t\t<\/div>\n\t\t\t\t\t\t\t<\/div>\n\t\t<\/section>\n\t\t\t\t\t\t\t<\/div>\n\t\t","protected":false},"excerpt":{"rendered":"<p>\ud83d\udccc Recibe la CEDH Chiapas la visita de la Plataforma por la Paz y los Derechos Humanos M\u00e9xico \u2013 Uni\u00f3n Europea durante el conversatorio \u201cTejer Di\u00e1logos, Defender Derechos\u201d en el<\/p>\n","protected":false},"author":6,"featured_media":12812,"comment_status":"closed","ping_status":"open","sticky":false,"template":"","format":"standard","meta":{"_jetpack_memberships_contains_paid_content":false,"footnotes":""},"categories":[1,87],"tags":[],"jetpack_sharing_enabled":true,"jetpack_featured_media_url":"https:\/\/cedhchiapas.org\/cedh\/wp-content\/uploads\/2025\/11\/WhatsApp-Image-2025-11-06-at-1.57.44-PM.jpeg","_links":{"self":[{"href":"https:\/\/cedhchiapas.org\/cedh\/wp-json\/wp\/v2\/posts\/12807"}],"collection":[{"href":"https:\/\/cedhchiapas.org\/cedh\/wp-json\/wp\/v2\/posts"}],"about":[{"href":"https:\/\/cedhchiapas.org\/cedh\/wp-json\/wp\/v2\/types\/post"}],"author":[{"embeddable":true,"href":"https:\/\/cedhchiapas.org\/cedh\/wp-json\/wp\/v2\/users\/6"}],"replies":[{"embeddable":true,"href":"https:\/\/cedhchiapas.org\/cedh\/wp-json\/wp\/v2\/comments?post=12807"}],"version-history":[{"count":7,"href":"https:\/\/cedhchiapas.org\/cedh\/wp-json\/wp\/v2\/posts\/12807\/revisions"}],"predecessor-version":[{"id":12820,"href":"https:\/\/cedhchiapas.org\/cedh\/wp-json\/wp\/v2\/posts\/12807\/revisions\/12820"}],"wp:featuredmedia":[{"embeddable":true,"href":"https:\/\/cedhchiapas.org\/cedh\/wp-json\/wp\/v2\/media\/12812"}],"wp:attachment":[{"href":"https:\/\/cedhchiapas.org\/cedh\/wp-json\/wp\/v2\/media?parent=12807"}],"wp:term":[{"taxonomy":"category","embeddable":true,"href":"https:\/\/cedhchiapas.org\/cedh\/wp-json\/wp\/v2\/categories?post=12807"},{"taxonomy":"post_tag","embeddable":true,"href":"https:\/\/cedhchiapas.org\/cedh\/wp-json\/wp\/v2\/tags?post=12807"}],"curies":[{"name":"wp","href":"https:\/\/api.w.org\/{rel}","templated":true}]}}